{"id":3256,"date":"2020-11-10T11:20:45","date_gmt":"2020-11-10T11:20:45","guid":{"rendered":"https:\/\/www.brindice.com.br\/blog\/eles-acham-que-embalagem-e-tudo\/"},"modified":"2020-11-10T11:20:45","modified_gmt":"2020-11-10T11:20:45","slug":"eles-acham-que-embalagem-e-tudo","status":"publish","type":"post","link":"https:\/\/www.brindice.com.br\/blog\/eles-acham-que-embalagem-e-tudo\/","title":{"rendered":"Eles acham que embalagem \u201c\u00e9 tudo\u201d!"},"content":{"rendered":"<p>Ningu\u00e9m duvida que a embalagem ocupa um papel importante em nossas vidas, pois estamos o tempo todo em contato com ela. Quando abrimos o arm\u00e1rio da dispensa, elas est\u00e3o l\u00e1, na geladeira, nos bares e restaurantes onde entramos, nas farm\u00e1cias e no supermercado, ent\u00e3o&#8230;<\/p>\n<p>Os soci\u00f3logos e os artistas da pop-art olharam para ela com os outros olhos, uns viram na embalagem uma importante refer\u00eancia para avaliar o est\u00e1gio de desenvolvimento da cultura material de uma determinada sociedade e os outros viram nela uma manifesta\u00e7\u00e3o da pr\u00f3pria cultura.<\/p>\n<p>Os profissionais de marketing fizeram dela uma ferramenta fundamental para conduzir os produtos de consumo ao sucesso num cen\u00e1rio competitivo cada vez mais complexo e congestionado, como o que vemos hoje em tempos de globaliza\u00e7\u00e3o.<\/p>\n<p>Os economistas encontram na produ\u00e7\u00e3o e consumo de embalagens um importante term\u00f4metro para avaliar o n\u00edvel da atividade econ\u00f4mica.<\/p>\n<p>E o meio-ambiente agradece toda vez que os \u00edndices de reciclagem, reutiliza\u00e7\u00e3o e degradabilidade das embalagens aumenta.<\/p>\n<p>S\u00e3o muitas as implica\u00e7\u00f5es que ela tem em nossa sociedade e estas utiliza\u00e7\u00f5es v\u00eam ganhando import\u00e2ncia conforme a sociedade humana progride e as cidades urbanizadas crescem a tal ponto que a vida nas grandes metr\u00f3poles j\u00e1 n\u00e3o seria poss\u00edvel sem embalagens que conservam os produtos, pois o abastecimento di\u00e1rio de alimentos para popula\u00e7\u00f5es acima de cinco milh\u00f5es de habitantes numa mesma cidade \u00e9 invi\u00e1vel tecnicamente.<\/p>\n<p>Os estudos cient\u00edficos e o desenvolvimento tecnol\u00f3gico fizeram com que novos materiais e processos permitissem que alimentos durassem anos, podendo ser estocados, transportados e utilizados muito longe da data e do lugar onde foram produzidos.<\/p>\n<p>Os consumidores que s\u00e3o a verdadeira raz\u00e3o de ser da embalagem. Consideram-na algo muit\u00edssimo importante em suas vidas, chegando ao ponto de n\u00e3o distinguirem ou separ\u00e1-la do produto. Para eles, a embalagem e o produto s\u00e3o uma coisa s\u00f3, constituem uma entidade indivis\u00edvel. Um item que segundo eles, \u00e9 cada vez mais relevante no processo de escolha dos produtos.<\/p>\n<p>Quando profissionais e empres\u00e1rios que est\u00e3o na ponta da cadeia em contato direto com os consumidores no momento de compra, andando pelos corredores o dia todo e vendo o que acontece, afirmam que \u201dembalagem \u00e9 tudo\u201d, n\u00f3s temos que considerar seriamente a possibilidade deles estarem certos.<\/p>\n<p>Elas s\u00e3o um fator decisivo para o sucesso dos produtos de consumo e dos estabelecimentos onde estes produtos s\u00e3o expostos. \u00c9 necess\u00e1rio aprofundar-se cada vez mais na utiliza\u00e7\u00e3o da embalagem, pois um dos grandes fatores de sucesso de um produto \u00e9 uma boa embalagem.<\/p>\n<p>Fonte: F\u00e1bio Mestriner &#8211; Presidente da ABRE Associa\u00e7\u00e3o Brasileira de Embalagem<\/p>\n","protected":false},"excerpt":{"rendered":"<p>Ningu\u00e9m duvida que a embalagem ocupa um papel importante em nossas vidas, pois estamos o tempo todo em contato com ela. Quando abrimos o arm\u00e1rio da dispensa, elas est\u00e3o l\u00e1, na geladeira, nos bares e restaurantes onde entramos, nas farm\u00e1cias e no supermercado, ent\u00e3o&#8230; Os soci\u00f3logos e os artistas da pop-art olharam para ela com &hellip; <\/p>\n<p class=\"link-more\"><a href=\"https:\/\/www.brindice.com.br\/blog\/eles-acham-que-embalagem-e-tudo\/\" class=\"more-link\">Continue lendo<span class=\"screen-reader-text\"> &#8220;Eles acham que embalagem \u201c\u00e9 tudo\u201d!&#8221;<\/span><\/a><\/p>\n","protected":false},"author":1,"featured_media":0,"comment_status":"open","ping_status":"open","sticky":false,"template":"","format":"standard","meta":{"footnotes":""},"categories":[2],"tags":[],"class_list":["post-3256","post","type-post","status-publish","format-standard","hentry","category-marketing-promocional"],"aioseo_notices":[],"_links":{"self":[{"href":"https:\/\/www.brindice.com.br\/blog\/wp-json\/wp\/v2\/posts\/3256","targetHints":{"allow":["GET"]}}],"collection":[{"href":"https:\/\/www.brindice.com.br\/blog\/wp-json\/wp\/v2\/posts"}],"about":[{"href":"https:\/\/www.brindice.com.br\/blog\/wp-json\/wp\/v2\/types\/post"}],"author":[{"embeddable":true,"href":"https:\/\/www.brindice.com.br\/blog\/wp-json\/wp\/v2\/users\/1"}],"replies":[{"embeddable":true,"href":"https:\/\/www.brindice.com.br\/blog\/wp-json\/wp\/v2\/comments?post=3256"}],"version-history":[{"count":0,"href":"https:\/\/www.brindice.com.br\/blog\/wp-json\/wp\/v2\/posts\/3256\/revisions"}],"wp:attachment":[{"href":"https:\/\/www.brindice.com.br\/blog\/wp-json\/wp\/v2\/media?parent=3256"}],"wp:term":[{"taxonomy":"category","embeddable":true,"href":"https:\/\/www.brindice.com.br\/blog\/wp-json\/wp\/v2\/categories?post=3256"},{"taxonomy":"post_tag","embeddable":true,"href":"https:\/\/www.brindice.com.br\/blog\/wp-json\/wp\/v2\/tags?post=3256"}],"curies":[{"name":"wp","href":"https:\/\/api.w.org\/{rel}","templated":true}]}}