{"id":3414,"date":"2020-11-10T11:20:45","date_gmt":"2020-11-10T11:20:45","guid":{"rendered":"https:\/\/www.brindice.com.br\/blog\/brasileiros-reconhecem-relevancia-da-publicidade\/"},"modified":"2020-11-10T11:20:45","modified_gmt":"2020-11-10T11:20:45","slug":"brasileiros-reconhecem-relevancia-da-publicidade","status":"publish","type":"post","link":"https:\/\/www.brindice.com.br\/blog\/brasileiros-reconhecem-relevancia-da-publicidade\/","title":{"rendered":"Brasileiros reconhecem relev\u00e2ncia da publicidade"},"content":{"rendered":"<p>Pesquisa do Ibope para a Abap mostra que imagem da atividade est\u00e1 em alta<\/p>\n<p>A imagem da publicidade e seus protagonistas est\u00e1 em alta. \u00c9 o que indicar\u00e1 pesquisa do Ibope que a Associa\u00e7\u00e3o Brasileira das Ag\u00eancias de Publicidade (Abap) apresenta esta semana no Rio de Janeiro durante a 7\u00aa edi\u00e7\u00e3o do Encontro Brasileiro das Ag\u00eancias de Publicidade (Ebap), que acontece nos dias 8 e 9, na sede da Federa\u00e7\u00e3o das Ind\u00fastrias do Rio de Janeiro (Firjan). <\/p>\n<p>Segundo dados apurados por Meio &#038; Mensagem, mais dois ter\u00e7os dos entrevistados afirmam que a publicidade tem um papel relevante e positivo em suas vidas, assim como a maioria expressa admira\u00e7\u00e3o pelos profissionais da \u00e1rea. <\/p>\n<p>O resultado \u00e9 considerado uma importante demonstra\u00e7\u00e3o de que a classe conseguiu superar o trauma de cinco anos atr\u00e1s quando o esc\u00e2ndalo do Mensal\u00e3o arranhou a imagem da categoria.<\/p>\n<p>Com 350 inscri\u00e7\u00f5es, o Ebap est\u00e1 com lota\u00e7\u00e3o esgotada h\u00e1 duas semanas, restando lugares apenas na lista de espera para preencher eventuais desist\u00eancias. &quot;Esse recorde de inscri\u00e7\u00f5es superou todas as nossas expectativas e mostra a capacidade de mobiliza\u00e7\u00e3o da Abap, que desde o IV Congresso vem conseguindo reunir as ag\u00eancias na luta por uma melhor governan\u00e7a de toda a ind\u00fastria da comunica\u00e7\u00e3o. Esta postura vem resgatando o valor da propaganda e o papel fundamental das ag\u00eancias como emuladoras no processo criativo de constru\u00e7\u00e3o e posicionamento de marcas&quot;, diz Luiz Lara, presidente da Abap.<\/p>\n<p>Com o tema principal &quot;O futuro e a rentabilidade das ag\u00eancias&quot;, o Ebap deste ano tamb\u00e9m apresenta os vencedores da primeira edi\u00e7\u00e3o do pr\u00eamio \u00cdcones que elegeu Roberto Civita, presidente do Grupo Abril; Roberto Irineu Marinho, presidente das Organiza\u00e7\u00f5es Globo; e Ruy Mesquita, diretor de opini\u00e3o do jornal O Estado de S.Paulo, conforme adiantou o M&#038;M Online na semana passada (veja aqui). S\u00f3cios de tr\u00eas dos principais grupos de comunica\u00e7\u00e3o brasileiros, eles foram escolhidos pelos associados da Abap como s\u00edmbolos de inova\u00e7\u00e3o, conte\u00fado e liberdade. Os trof\u00e9us ser\u00e3o entregues na noite do dia 8 de abril no Pal\u00e1cio Laranjeiras, sede do governo do Estado do Rio de Janeiro, durante o jantar de abertura do Ebap. No dia seguinte, a homenagem ser\u00e1 pelos 30 anos do Conselho de Autorregulamenta\u00e7\u00e3o Publicit\u00e1ria (Conar) com a presen\u00e7a do atual presidente, Gilberto Leifert. <\/p>\n<p>Por Robert Galbraith<\/p>\n<p>Fonte: M&#038;M online<\/p>\n","protected":false},"excerpt":{"rendered":"<p>Pesquisa do Ibope para a Abap mostra que imagem da atividade est\u00e1 em alta A imagem da publicidade e seus protagonistas est\u00e1 em alta. \u00c9 o que indicar\u00e1 pesquisa do Ibope que a Associa\u00e7\u00e3o Brasileira das Ag\u00eancias de Publicidade (Abap) apresenta esta semana no Rio de Janeiro durante a 7\u00aa edi\u00e7\u00e3o do Encontro Brasileiro das &hellip; <\/p>\n<p class=\"link-more\"><a href=\"https:\/\/www.brindice.com.br\/blog\/brasileiros-reconhecem-relevancia-da-publicidade\/\" class=\"more-link\">Continue lendo<span class=\"screen-reader-text\"> &#8220;Brasileiros reconhecem relev\u00e2ncia da publicidade&#8221;<\/span><\/a><\/p>\n","protected":false},"author":1,"featured_media":0,"comment_status":"open","ping_status":"open","sticky":false,"template":"","format":"standard","meta":{"footnotes":""},"categories":[2],"tags":[],"class_list":["post-3414","post","type-post","status-publish","format-standard","hentry","category-marketing-promocional"],"aioseo_notices":[],"_links":{"self":[{"href":"https:\/\/www.brindice.com.br\/blog\/wp-json\/wp\/v2\/posts\/3414","targetHints":{"allow":["GET"]}}],"collection":[{"href":"https:\/\/www.brindice.com.br\/blog\/wp-json\/wp\/v2\/posts"}],"about":[{"href":"https:\/\/www.brindice.com.br\/blog\/wp-json\/wp\/v2\/types\/post"}],"author":[{"embeddable":true,"href":"https:\/\/www.brindice.com.br\/blog\/wp-json\/wp\/v2\/users\/1"}],"replies":[{"embeddable":true,"href":"https:\/\/www.brindice.com.br\/blog\/wp-json\/wp\/v2\/comments?post=3414"}],"version-history":[{"count":0,"href":"https:\/\/www.brindice.com.br\/blog\/wp-json\/wp\/v2\/posts\/3414\/revisions"}],"wp:attachment":[{"href":"https:\/\/www.brindice.com.br\/blog\/wp-json\/wp\/v2\/media?parent=3414"}],"wp:term":[{"taxonomy":"category","embeddable":true,"href":"https:\/\/www.brindice.com.br\/blog\/wp-json\/wp\/v2\/categories?post=3414"},{"taxonomy":"post_tag","embeddable":true,"href":"https:\/\/www.brindice.com.br\/blog\/wp-json\/wp\/v2\/tags?post=3414"}],"curies":[{"name":"wp","href":"https:\/\/api.w.org\/{rel}","templated":true}]}}