{"id":3420,"date":"2020-11-10T11:20:45","date_gmt":"2020-11-10T11:20:45","guid":{"rendered":"https:\/\/www.brindice.com.br\/blog\/organizacao-confirma-realizacao-do-ebap-no-rio\/"},"modified":"2020-11-10T11:20:45","modified_gmt":"2020-11-10T11:20:45","slug":"organizacao-confirma-realizacao-do-ebap-no-rio","status":"publish","type":"post","link":"https:\/\/www.brindice.com.br\/blog\/organizacao-confirma-realizacao-do-ebap-no-rio\/","title":{"rendered":"Organiza\u00e7\u00e3o confirma realiza\u00e7\u00e3o do Ebap no Rio"},"content":{"rendered":"<p>Apesar das chuvas, Abap garante a realiza\u00e7\u00e3o do evento a partir desta quinta-feira, 8<\/p>\n<p>A Associa\u00e7\u00e3o Brasileira de Ag\u00eancias de Publicidade (Abap) n\u00e3o ir\u00e1 alterar a programa\u00e7\u00e3o do 7\u00ba Encontro Brasileiro de Ag\u00eancias de Publicidade (Ebap), que come\u00e7a nesta quinta-feira, 8, na sede Firjan, no Rio de Janeiro. <\/p>\n<p>Luiz Lara, presidente da Abap, garante que as duras chuvas que t\u00eam atingido o Rio n\u00e3o v\u00e3o impedir a realiza\u00e7\u00e3o do evento.&quot;N\u00e3o h\u00e1 nenhum motivo para cancelarmos o evento. A previs\u00e3o \u00e9 de tempo est\u00e1vel nos pr\u00f3ximos dias&quot;, diz Lara, lembrando que os aeroportos voltaram a funcionar normalmente e que o acesso rodovi\u00e1rio \u00e0 cidade n\u00e3o foi prejudicado. <\/p>\n<p>Segundo a organiza\u00e7\u00e3o, cerca de 400 pessoas est\u00e3o inscritas para o evento que ocorrer\u00e1 at\u00e9 a sexta-feira 9. Luiz Lara e Dalton Pastore, presidente do Conselho Superior da Abap, j\u00e1 est\u00e3o na capital fluminense cuidando dos \u00faltimos detalhes.<\/p>\n<p>Por Robert Galbraith<\/p>\n<p>Fonte: m&#038;m online<\/p>\n","protected":false},"excerpt":{"rendered":"<p>Apesar das chuvas, Abap garante a realiza\u00e7\u00e3o do evento a partir desta quinta-feira, 8 A Associa\u00e7\u00e3o Brasileira de Ag\u00eancias de Publicidade (Abap) n\u00e3o ir\u00e1 alterar a programa\u00e7\u00e3o do 7\u00ba Encontro Brasileiro de Ag\u00eancias de Publicidade (Ebap), que come\u00e7a nesta quinta-feira, 8, na sede Firjan, no Rio de Janeiro. Luiz Lara, presidente da Abap, garante que &hellip; <\/p>\n<p class=\"link-more\"><a href=\"https:\/\/www.brindice.com.br\/blog\/organizacao-confirma-realizacao-do-ebap-no-rio\/\" class=\"more-link\">Continue lendo<span class=\"screen-reader-text\"> &#8220;Organiza\u00e7\u00e3o confirma realiza\u00e7\u00e3o do Ebap no Rio&#8221;<\/span><\/a><\/p>\n","protected":false},"author":1,"featured_media":0,"comment_status":"open","ping_status":"open","sticky":false,"template":"","format":"standard","meta":{"footnotes":""},"categories":[2],"tags":[],"class_list":["post-3420","post","type-post","status-publish","format-standard","hentry","category-marketing-promocional"],"aioseo_notices":[],"_links":{"self":[{"href":"https:\/\/www.brindice.com.br\/blog\/wp-json\/wp\/v2\/posts\/3420","targetHints":{"allow":["GET"]}}],"collection":[{"href":"https:\/\/www.brindice.com.br\/blog\/wp-json\/wp\/v2\/posts"}],"about":[{"href":"https:\/\/www.brindice.com.br\/blog\/wp-json\/wp\/v2\/types\/post"}],"author":[{"embeddable":true,"href":"https:\/\/www.brindice.com.br\/blog\/wp-json\/wp\/v2\/users\/1"}],"replies":[{"embeddable":true,"href":"https:\/\/www.brindice.com.br\/blog\/wp-json\/wp\/v2\/comments?post=3420"}],"version-history":[{"count":0,"href":"https:\/\/www.brindice.com.br\/blog\/wp-json\/wp\/v2\/posts\/3420\/revisions"}],"wp:attachment":[{"href":"https:\/\/www.brindice.com.br\/blog\/wp-json\/wp\/v2\/media?parent=3420"}],"wp:term":[{"taxonomy":"category","embeddable":true,"href":"https:\/\/www.brindice.com.br\/blog\/wp-json\/wp\/v2\/categories?post=3420"},{"taxonomy":"post_tag","embeddable":true,"href":"https:\/\/www.brindice.com.br\/blog\/wp-json\/wp\/v2\/tags?post=3420"}],"curies":[{"name":"wp","href":"https:\/\/api.w.org\/{rel}","templated":true}]}}