{"id":3427,"date":"2020-11-10T11:20:45","date_gmt":"2020-11-10T11:20:45","guid":{"rendered":"https:\/\/www.brindice.com.br\/blog\/natura-se-antecipa-ao-dia-das-maes\/"},"modified":"2020-11-10T11:20:45","modified_gmt":"2020-11-10T11:20:45","slug":"natura-se-antecipa-ao-dia-das-maes","status":"publish","type":"post","link":"https:\/\/www.brindice.com.br\/blog\/natura-se-antecipa-ao-dia-das-maes\/","title":{"rendered":"Natura se antecipa ao Dia das M\u00e3es"},"content":{"rendered":"<p>Marca sai na frente e cria comercial com can\u00e7\u00e3o tem\u00e1tica para a comemora\u00e7\u00e3o<\/p>\n<p>Com um m\u00eas de anteced\u00eancia, a Natura coloca no ar a sua campanha de Dia das M\u00e3es, que pretende enfatizar a for\u00e7a e singularidade do amor materno ao mesmo tempo em que sugere seus produtos como op\u00e7\u00f5es de presentes. <\/p>\n<p>Criada pela Taterka, a campanha contempla uma s\u00e9rie de a\u00e7\u00f5es em diferentes canais de m\u00eddia e entrou no ar oficialmente nesse domingo 11, no intervalo do Fant\u00e1stico, da TV Globo. <\/p>\n<p>No comercial, uma m\u00fasica (criada pela ag\u00eancia especialmente para essa campanha, que traduz a rela\u00e7\u00e3o entre m\u00e3e e filhos) embala as cenas, que retratam diversos momentos de mulheres, de todas as idades, demonstrando seu amor e carinho a filhos de tamb\u00e9m todas as idades. O comercial, produzido pela TVC Televis\u00e3o e Cinema, tamb\u00e9m ter\u00e1 vers\u00f5es de 30 e de 15 segundos. Uma vinheta, de sete segundos, tamb\u00e9m ser\u00e1 exibida nos intervalos da novela Viver a Vida, da qual a Natura \u00e9 patrocinadora oficial.<\/p>\n<p>Al\u00e9m da TV, a m\u00fasica que embala o filme publicit\u00e1rio tamb\u00e9m ser\u00e1 tocada nas r\u00e1dios FM de S\u00e3o Paulo at\u00e9 o final de maio. A campanha tamb\u00e9m usar\u00e1 a internet como um importante canal de divulga\u00e7\u00e3o. A ag\u00eancia construiu um hotsite (clique aqui para acessar) que ter\u00e1 uma lista de op\u00e7\u00f5es de presentes para as m\u00e3es, al\u00e9m de um espa\u00e7o com as cifras da can\u00e7\u00e3o-tema para viol\u00e3o e teclado.<\/p>\n<p>Para complementar a a\u00e7\u00e3o, a Natura tamb\u00e9m far\u00e1 uma interven\u00e7\u00e3o nas ruas de S\u00e3o Paulo com os Trovadores Urbanos, que interpretar\u00e3o a can\u00e7\u00e3o em vag\u00f5es do Metr\u00f4.<\/p>\n<p>Fonte: m&#038;m online<\/p>\n","protected":false},"excerpt":{"rendered":"<p>Marca sai na frente e cria comercial com can\u00e7\u00e3o tem\u00e1tica para a comemora\u00e7\u00e3o Com um m\u00eas de anteced\u00eancia, a Natura coloca no ar a sua campanha de Dia das M\u00e3es, que pretende enfatizar a for\u00e7a e singularidade do amor materno ao mesmo tempo em que sugere seus produtos como op\u00e7\u00f5es de presentes. Criada pela Taterka, &hellip; <\/p>\n<p class=\"link-more\"><a href=\"https:\/\/www.brindice.com.br\/blog\/natura-se-antecipa-ao-dia-das-maes\/\" class=\"more-link\">Continue lendo<span class=\"screen-reader-text\"> &#8220;Natura se antecipa ao Dia das M\u00e3es&#8221;<\/span><\/a><\/p>\n","protected":false},"author":1,"featured_media":0,"comment_status":"open","ping_status":"open","sticky":false,"template":"","format":"standard","meta":{"footnotes":""},"categories":[2],"tags":[],"class_list":["post-3427","post","type-post","status-publish","format-standard","hentry","category-marketing-promocional"],"aioseo_notices":[],"_links":{"self":[{"href":"https:\/\/www.brindice.com.br\/blog\/wp-json\/wp\/v2\/posts\/3427","targetHints":{"allow":["GET"]}}],"collection":[{"href":"https:\/\/www.brindice.com.br\/blog\/wp-json\/wp\/v2\/posts"}],"about":[{"href":"https:\/\/www.brindice.com.br\/blog\/wp-json\/wp\/v2\/types\/post"}],"author":[{"embeddable":true,"href":"https:\/\/www.brindice.com.br\/blog\/wp-json\/wp\/v2\/users\/1"}],"replies":[{"embeddable":true,"href":"https:\/\/www.brindice.com.br\/blog\/wp-json\/wp\/v2\/comments?post=3427"}],"version-history":[{"count":0,"href":"https:\/\/www.brindice.com.br\/blog\/wp-json\/wp\/v2\/posts\/3427\/revisions"}],"wp:attachment":[{"href":"https:\/\/www.brindice.com.br\/blog\/wp-json\/wp\/v2\/media?parent=3427"}],"wp:term":[{"taxonomy":"category","embeddable":true,"href":"https:\/\/www.brindice.com.br\/blog\/wp-json\/wp\/v2\/categories?post=3427"},{"taxonomy":"post_tag","embeddable":true,"href":"https:\/\/www.brindice.com.br\/blog\/wp-json\/wp\/v2\/tags?post=3427"}],"curies":[{"name":"wp","href":"https:\/\/api.w.org\/{rel}","templated":true}]}}