{"id":3429,"date":"2020-11-10T11:20:45","date_gmt":"2020-11-10T11:20:45","guid":{"rendered":"https:\/\/www.brindice.com.br\/blog\/ca-promove-desfile-de-cadeirantes-em-viver-a-vida\/"},"modified":"2020-11-10T11:20:45","modified_gmt":"2020-11-10T11:20:45","slug":"ca-promove-desfile-de-cadeirantes-em-viver-a-vida","status":"publish","type":"post","link":"https:\/\/www.brindice.com.br\/blog\/ca-promove-desfile-de-cadeirantes-em-viver-a-vida\/","title":{"rendered":"C&#038;A promove desfile de cadeirantes em Viver a Vida"},"content":{"rendered":"<p>A\u00e7\u00e3o, inserida no contexto da trama, pretende divulgar a linha da cantora Nicole Scherzinger<\/p>\n<p>Um desfile especial, com modelos em cadeiras de rodas, ser\u00e1 um dos destaques do cap\u00edtulo desta quarta-feira, 14, da novela Viver a Vida, da TV Globo. A cena \u00e9 fruto de uma a\u00e7\u00e3o de merchandising da rede C&#038;A, que costuma aproveitar a trama das 21h para exibir seus produtos.<\/p>\n<p>Desta vez, a a\u00e7\u00e3o ter\u00e1 a miss\u00e3o de divulgar a nova linha de cal\u00e7ados, lingeries e acess\u00f3rios da cantora Nicole Scherzinger, vocalista do grupo Pussycat Dolls, criada especialmente para a rede de lojas. <\/p>\n<p>No contexto da novela, o desfile servir\u00e1 como inspira\u00e7\u00e3o para as personagens Tereza (Lilia Cabral) e Mia (Paloma Bernardi), respectivamente, m\u00e3e e irm\u00e3 da personagem Luciana (Alinne Moraes), modelo que, ap\u00f3s um acidente, ficou tetrapl\u00e9gica. Na sequencia, as atrizes aplaudir\u00e3o o desfile, enquanto as modelos, em cadeiras de rodas, exibir\u00e3o os figurinos da marca. <\/p>\n<p>A a\u00e7\u00e3o foi planejada pela DM9DDB, ag\u00eancia detentora da conta de publicidade da C&#038;A.<\/p>\n<p>Fonte: m&#038;m online<\/p>\n","protected":false},"excerpt":{"rendered":"<p>A\u00e7\u00e3o, inserida no contexto da trama, pretende divulgar a linha da cantora Nicole Scherzinger Um desfile especial, com modelos em cadeiras de rodas, ser\u00e1 um dos destaques do cap\u00edtulo desta quarta-feira, 14, da novela Viver a Vida, da TV Globo. A cena \u00e9 fruto de uma a\u00e7\u00e3o de merchandising da rede C&#038;A, que costuma aproveitar &hellip; <\/p>\n<p class=\"link-more\"><a href=\"https:\/\/www.brindice.com.br\/blog\/ca-promove-desfile-de-cadeirantes-em-viver-a-vida\/\" class=\"more-link\">Continue lendo<span class=\"screen-reader-text\"> &#8220;C&#038;A promove desfile de cadeirantes em Viver a Vida&#8221;<\/span><\/a><\/p>\n","protected":false},"author":1,"featured_media":0,"comment_status":"open","ping_status":"open","sticky":false,"template":"","format":"standard","meta":{"footnotes":""},"categories":[2],"tags":[],"class_list":["post-3429","post","type-post","status-publish","format-standard","hentry","category-marketing-promocional"],"aioseo_notices":[],"_links":{"self":[{"href":"https:\/\/www.brindice.com.br\/blog\/wp-json\/wp\/v2\/posts\/3429","targetHints":{"allow":["GET"]}}],"collection":[{"href":"https:\/\/www.brindice.com.br\/blog\/wp-json\/wp\/v2\/posts"}],"about":[{"href":"https:\/\/www.brindice.com.br\/blog\/wp-json\/wp\/v2\/types\/post"}],"author":[{"embeddable":true,"href":"https:\/\/www.brindice.com.br\/blog\/wp-json\/wp\/v2\/users\/1"}],"replies":[{"embeddable":true,"href":"https:\/\/www.brindice.com.br\/blog\/wp-json\/wp\/v2\/comments?post=3429"}],"version-history":[{"count":0,"href":"https:\/\/www.brindice.com.br\/blog\/wp-json\/wp\/v2\/posts\/3429\/revisions"}],"wp:attachment":[{"href":"https:\/\/www.brindice.com.br\/blog\/wp-json\/wp\/v2\/media?parent=3429"}],"wp:term":[{"taxonomy":"category","embeddable":true,"href":"https:\/\/www.brindice.com.br\/blog\/wp-json\/wp\/v2\/categories?post=3429"},{"taxonomy":"post_tag","embeddable":true,"href":"https:\/\/www.brindice.com.br\/blog\/wp-json\/wp\/v2\/tags?post=3429"}],"curies":[{"name":"wp","href":"https:\/\/api.w.org\/{rel}","templated":true}]}}