{"id":3435,"date":"2020-11-10T11:20:45","date_gmt":"2020-11-10T11:20:45","guid":{"rendered":"https:\/\/www.brindice.com.br\/blog\/nestle-presenteia-brasilia-com-parada-disney\/"},"modified":"2020-11-10T11:20:45","modified_gmt":"2020-11-10T11:20:45","slug":"nestle-presenteia-brasilia-com-parada-disney","status":"publish","type":"post","link":"https:\/\/www.brindice.com.br\/blog\/nestle-presenteia-brasilia-com-parada-disney\/","title":{"rendered":"Nestl\u00e9 presenteia Bras\u00edlia com Parada Disney"},"content":{"rendered":"<p>Em comemora\u00e7\u00e3o aos 50 anos de Bras\u00edlia, a Nestl\u00e9 vai dar um presente para a popula\u00e7\u00e3o: a Parada Disney. Pela primeira vez na Capital Federal, a Parada acontece dia 21\/04, \u00e0s 10 h30, na Esplanada dos Minist\u00e9rios. A sa\u00edda ser\u00e1 em frente \u00e0 Biblioteca Nacional, e o final pr\u00f3ximo ao Congresso Nacional, num percurso de cerca de 1,8 km.<\/p>\n<p>\u201cPara comemorar o anivers\u00e1rio de Bras\u00edlia, apresentamos a Parada Disney gratuitamente \u00e0 popula\u00e7\u00e3o com o objetivo de realizar o sonho de crian\u00e7as e adultos que ainda n\u00e3o tiveram a oportunidade de assistir a esse espet\u00e1culo\u201d, indica o diretor de Comunica\u00e7\u00e3o e Servi\u00e7os de Marketing da Nestl\u00e9 Brasil, Izael Sinem J\u00fanior.<\/p>\n<p>A Parada Disney j\u00e1 passou pelo Rio de Janeiro, Vila Velha (ES), S\u00e3o Paulo e Belo Horizonte (MG), totalizando um p\u00fablico superior a 1,7 milh\u00e3o de pessoas. Depois de Bras\u00edlia, a Parada Disney acontece em Salvador, dia 02\/05. A produ\u00e7\u00e3o \u00e9 da Maior Entretenimento.<\/p>\n<p>Fonte: Promoview<\/p>\n","protected":false},"excerpt":{"rendered":"<p>Em comemora\u00e7\u00e3o aos 50 anos de Bras\u00edlia, a Nestl\u00e9 vai dar um presente para a popula\u00e7\u00e3o: a Parada Disney. Pela primeira vez na Capital Federal, a Parada acontece dia 21\/04, \u00e0s 10 h30, na Esplanada dos Minist\u00e9rios. A sa\u00edda ser\u00e1 em frente \u00e0 Biblioteca Nacional, e o final pr\u00f3ximo ao Congresso Nacional, num percurso de &hellip; <\/p>\n<p class=\"link-more\"><a href=\"https:\/\/www.brindice.com.br\/blog\/nestle-presenteia-brasilia-com-parada-disney\/\" class=\"more-link\">Continue lendo<span class=\"screen-reader-text\"> &#8220;Nestl\u00e9 presenteia Bras\u00edlia com Parada Disney&#8221;<\/span><\/a><\/p>\n","protected":false},"author":1,"featured_media":0,"comment_status":"open","ping_status":"open","sticky":false,"template":"","format":"standard","meta":{"footnotes":""},"categories":[2],"tags":[],"class_list":["post-3435","post","type-post","status-publish","format-standard","hentry","category-marketing-promocional"],"aioseo_notices":[],"_links":{"self":[{"href":"https:\/\/www.brindice.com.br\/blog\/wp-json\/wp\/v2\/posts\/3435","targetHints":{"allow":["GET"]}}],"collection":[{"href":"https:\/\/www.brindice.com.br\/blog\/wp-json\/wp\/v2\/posts"}],"about":[{"href":"https:\/\/www.brindice.com.br\/blog\/wp-json\/wp\/v2\/types\/post"}],"author":[{"embeddable":true,"href":"https:\/\/www.brindice.com.br\/blog\/wp-json\/wp\/v2\/users\/1"}],"replies":[{"embeddable":true,"href":"https:\/\/www.brindice.com.br\/blog\/wp-json\/wp\/v2\/comments?post=3435"}],"version-history":[{"count":0,"href":"https:\/\/www.brindice.com.br\/blog\/wp-json\/wp\/v2\/posts\/3435\/revisions"}],"wp:attachment":[{"href":"https:\/\/www.brindice.com.br\/blog\/wp-json\/wp\/v2\/media?parent=3435"}],"wp:term":[{"taxonomy":"category","embeddable":true,"href":"https:\/\/www.brindice.com.br\/blog\/wp-json\/wp\/v2\/categories?post=3435"},{"taxonomy":"post_tag","embeddable":true,"href":"https:\/\/www.brindice.com.br\/blog\/wp-json\/wp\/v2\/tags?post=3435"}],"curies":[{"name":"wp","href":"https:\/\/api.w.org\/{rel}","templated":true}]}}