{"id":3436,"date":"2020-11-10T11:20:45","date_gmt":"2020-11-10T11:20:45","guid":{"rendered":"https:\/\/www.brindice.com.br\/blog\/bmw-promove-publi-editorial-na-trip\/"},"modified":"2020-11-10T11:20:45","modified_gmt":"2020-11-10T11:20:45","slug":"bmw-promove-publi-editorial-na-trip","status":"publish","type":"post","link":"https:\/\/www.brindice.com.br\/blog\/bmw-promove-publi-editorial-na-trip\/","title":{"rendered":"BMW promove publi-editorial na Trip"},"content":{"rendered":"<p>Grupo destaca modelo BMW X1 em editorial com conte\u00fado de quatro p\u00e1ginas da Trip<\/p>\n<p>O BMW Group Brasil publicou o seu primeiro publi-editoral no Pa\u00eds, na Revista Trip, edi\u00e7\u00e3o de abril. A marca questionou aos leitores &quot;Como seria a sua joyrider?&quot; &#8211; e o resultado est\u00e1 em quatro p\u00e1ginas da revista. <\/p>\n<p>O projeto BMW Joyride convidou tr\u00eas pessoas que s\u00e3o apaixonadas por dirigir, para ilustrar as imagens. O destino escolhido para ilustrar este foi Paraty. A bordo do Novo BMW X1, Teco Padaratz, 38 anos, bicampe\u00e3o mundial de Surf; Alex Miranda, 39 anos, s\u00f3cio da Produtora Trator Filmes, e John Wolthers, 54 anos, Trader de caf\u00e9. <\/p>\n<p>Juntos criaram um di\u00e1rio de viagem \u00fanico, ilustrando o verdadeiro significado de Prazer. A estrat\u00e9gia da marca \u00e9 mostrar, por meio da Trip, que conte\u00fado e publicidade caminham juntos. A confec\u00e7\u00e3o do publi-editorial vai de encontro com o perfil e conceito do Novo BMW X1. <\/p>\n<p>Fonte: m&#038;m online<\/p>\n","protected":false},"excerpt":{"rendered":"<p>Grupo destaca modelo BMW X1 em editorial com conte\u00fado de quatro p\u00e1ginas da Trip O BMW Group Brasil publicou o seu primeiro publi-editoral no Pa\u00eds, na Revista Trip, edi\u00e7\u00e3o de abril. A marca questionou aos leitores &quot;Como seria a sua joyrider?&quot; &#8211; e o resultado est\u00e1 em quatro p\u00e1ginas da revista. O projeto BMW Joyride &hellip; <\/p>\n<p class=\"link-more\"><a href=\"https:\/\/www.brindice.com.br\/blog\/bmw-promove-publi-editorial-na-trip\/\" class=\"more-link\">Continue lendo<span class=\"screen-reader-text\"> &#8220;BMW promove publi-editorial na Trip&#8221;<\/span><\/a><\/p>\n","protected":false},"author":1,"featured_media":0,"comment_status":"open","ping_status":"open","sticky":false,"template":"","format":"standard","meta":{"footnotes":""},"categories":[2],"tags":[],"class_list":["post-3436","post","type-post","status-publish","format-standard","hentry","category-marketing-promocional"],"aioseo_notices":[],"_links":{"self":[{"href":"https:\/\/www.brindice.com.br\/blog\/wp-json\/wp\/v2\/posts\/3436","targetHints":{"allow":["GET"]}}],"collection":[{"href":"https:\/\/www.brindice.com.br\/blog\/wp-json\/wp\/v2\/posts"}],"about":[{"href":"https:\/\/www.brindice.com.br\/blog\/wp-json\/wp\/v2\/types\/post"}],"author":[{"embeddable":true,"href":"https:\/\/www.brindice.com.br\/blog\/wp-json\/wp\/v2\/users\/1"}],"replies":[{"embeddable":true,"href":"https:\/\/www.brindice.com.br\/blog\/wp-json\/wp\/v2\/comments?post=3436"}],"version-history":[{"count":0,"href":"https:\/\/www.brindice.com.br\/blog\/wp-json\/wp\/v2\/posts\/3436\/revisions"}],"wp:attachment":[{"href":"https:\/\/www.brindice.com.br\/blog\/wp-json\/wp\/v2\/media?parent=3436"}],"wp:term":[{"taxonomy":"category","embeddable":true,"href":"https:\/\/www.brindice.com.br\/blog\/wp-json\/wp\/v2\/categories?post=3436"},{"taxonomy":"post_tag","embeddable":true,"href":"https:\/\/www.brindice.com.br\/blog\/wp-json\/wp\/v2\/tags?post=3436"}],"curies":[{"name":"wp","href":"https:\/\/api.w.org\/{rel}","templated":true}]}}