{"id":3470,"date":"2020-11-10T11:20:45","date_gmt":"2020-11-10T11:20:45","guid":{"rendered":"https:\/\/www.brindice.com.br\/blog\/vivo-fara-show-no-maracana\/"},"modified":"2020-11-10T11:20:45","modified_gmt":"2020-11-10T11:20:45","slug":"vivo-fara-show-no-maracana","status":"publish","type":"post","link":"https:\/\/www.brindice.com.br\/blog\/vivo-fara-show-no-maracana\/","title":{"rendered":"Vivo far\u00e1 show no Maracan\u00e3"},"content":{"rendered":"<p>Evento, que pretende reunir 40 mil pessoas, faz parte da a\u00e7\u00e3o &quot;Eu Vivo a Sele\u00e7\u00e3o&quot;, da operadora<\/p>\n<p>A Vivo, patrocinadora oficial da Sele\u00e7\u00e3o Brasileira de Futebol at\u00e9 2015, come\u00e7ou sua campanha em redes sociais para a Copa do Mundo da \u00c1frica do Sul: a a\u00e7\u00e3o &quot;Eu vivo a Sele\u00e7\u00e3o&quot; dar\u00e1 quatro viagens para o torneio, 10 iPhones e 800 camisas da Sele\u00e7\u00e3o.<\/p>\n<p>A promo\u00e7\u00e3o funciona como uma gincana na internet. Os usu\u00e1rios se cadastram, criam seus avatares, que participam de diversas atividades, que se transformam em moedas e pontos. Os melhores do ranking (quinzenal e geral) s\u00e3o premiados.<\/p>\n<p>Para sair do \u00e2mbito digital, a Vivo realiza no dia 19 deste m\u00eas um show no Maracan\u00e3, o &quot;Maraca Eu Vou&quot;. Com apresenta\u00e7\u00e3o do grupo Monobloco, participa\u00e7\u00f5es especiais de Rog\u00e9rio Flausino, Marcelo D2, Seu Jorge, Fernanda Abreu, Falc\u00e3o e tendo Luciano Huck como mestre de cerim\u00f4nias, a operadora espera receber 40 mil pessoas no est\u00e1dio. A organiza\u00e7\u00e3o \u00e9 da Brasil 1 Entretenimento.<\/p>\n<p>&quot;Vamos transformar o evento num tributo \u00e0 sele\u00e7\u00e3o brasileira. A ideia \u00e9 viralizar um filme que ser\u00e1 criado a partir do show, que tamb\u00e9m \u00e9 um presente da Vivo para seus clientes&quot;, explica Cristina Duclos, diretora de imagem e comunica\u00e7\u00e3o da operadora. O evento ainda pretende alertar as pessoas para a quest\u00e3o da sustentabilidade: no site existem dicas de como economizar energia e, no dia do show, bateria e celulares velhos valer\u00e3o brindes.<\/p>\n<p>Por Renato Pezzotti<\/p>\n<p>Fonte: m&#038;m online<\/p>\n","protected":false},"excerpt":{"rendered":"<p>Evento, que pretende reunir 40 mil pessoas, faz parte da a\u00e7\u00e3o &quot;Eu Vivo a Sele\u00e7\u00e3o&quot;, da operadora A Vivo, patrocinadora oficial da Sele\u00e7\u00e3o Brasileira de Futebol at\u00e9 2015, come\u00e7ou sua campanha em redes sociais para a Copa do Mundo da \u00c1frica do Sul: a a\u00e7\u00e3o &quot;Eu vivo a Sele\u00e7\u00e3o&quot; dar\u00e1 quatro viagens para o torneio, &hellip; <\/p>\n<p class=\"link-more\"><a href=\"https:\/\/www.brindice.com.br\/blog\/vivo-fara-show-no-maracana\/\" class=\"more-link\">Continue lendo<span class=\"screen-reader-text\"> &#8220;Vivo far\u00e1 show no Maracan\u00e3&#8221;<\/span><\/a><\/p>\n","protected":false},"author":1,"featured_media":0,"comment_status":"open","ping_status":"open","sticky":false,"template":"","format":"standard","meta":{"footnotes":""},"categories":[2],"tags":[],"class_list":["post-3470","post","type-post","status-publish","format-standard","hentry","category-marketing-promocional"],"aioseo_notices":[],"_links":{"self":[{"href":"https:\/\/www.brindice.com.br\/blog\/wp-json\/wp\/v2\/posts\/3470","targetHints":{"allow":["GET"]}}],"collection":[{"href":"https:\/\/www.brindice.com.br\/blog\/wp-json\/wp\/v2\/posts"}],"about":[{"href":"https:\/\/www.brindice.com.br\/blog\/wp-json\/wp\/v2\/types\/post"}],"author":[{"embeddable":true,"href":"https:\/\/www.brindice.com.br\/blog\/wp-json\/wp\/v2\/users\/1"}],"replies":[{"embeddable":true,"href":"https:\/\/www.brindice.com.br\/blog\/wp-json\/wp\/v2\/comments?post=3470"}],"version-history":[{"count":0,"href":"https:\/\/www.brindice.com.br\/blog\/wp-json\/wp\/v2\/posts\/3470\/revisions"}],"wp:attachment":[{"href":"https:\/\/www.brindice.com.br\/blog\/wp-json\/wp\/v2\/media?parent=3470"}],"wp:term":[{"taxonomy":"category","embeddable":true,"href":"https:\/\/www.brindice.com.br\/blog\/wp-json\/wp\/v2\/categories?post=3470"},{"taxonomy":"post_tag","embeddable":true,"href":"https:\/\/www.brindice.com.br\/blog\/wp-json\/wp\/v2\/tags?post=3470"}],"curies":[{"name":"wp","href":"https:\/\/api.w.org\/{rel}","templated":true}]}}