{"id":3481,"date":"2020-11-10T11:20:45","date_gmt":"2020-11-10T11:20:45","guid":{"rendered":"https:\/\/www.brindice.com.br\/blog\/carreta-coca-cola-ativa-acoes-da-copa-em-spi-e-pr\/"},"modified":"2020-11-10T11:20:45","modified_gmt":"2020-11-10T11:20:45","slug":"carreta-coca-cola-ativa-acoes-da-copa-em-spi-e-pr","status":"publish","type":"post","link":"https:\/\/www.brindice.com.br\/blog\/carreta-coca-cola-ativa-acoes-da-copa-em-spi-e-pr\/","title":{"rendered":"Carreta Coca-Cola ativa a\u00e7\u00f5es da Copa em SPI e PR"},"content":{"rendered":"<p>Em uma a\u00e7\u00e3o de marketing promocional focada na Copa do Mundo na \u00c1frica do Sul, a Spaipa, franquia da Coca-Cola Brasil, come\u00e7ou no \u00faltimo dia 12\/05  a circular por cidades do Paran\u00e1 e do Interior de S\u00e3o Paulo, a Carreta Coca-Cola.<\/p>\n<p>O megacaminh\u00e3o, com 13 metros de comprimento e oito de largura, vai passar por Cascavel, Foz do Igua\u00e7u, Maring\u00e1, Londrina, Presidente Prudente, Ara\u00e7atuba, S\u00e3o Jos\u00e9 do Rio Preto, Mar\u00edlia e Bauru, at\u00e9 o dia 11\/07, convidando a popula\u00e7\u00e3o para diversas atividades recreativas, que ser\u00e3o realizadas dentro do ve\u00edculo.<\/p>\n<p>Cascavel, na regi\u00e3o Oeste do Paran\u00e1, foi a primeira cidade a receber a Carreta Coca-Cola, entre os dias 12 e 16\/05. A \u00faltima cidade ser\u00e1 Londrina, no Norte do Paran\u00e1, de 28\/06 a 11\/07.<\/p>\n<p>O projeto itinerante da Coca-Cola, al\u00e9m de divulgar a Copa do Mundo deste ano, re\u00fane tecnologia e divers\u00e3o para todas as faixas et\u00e1rias. Dentro da Carreta Coca-Cola \u00e9 poss\u00edvel brincar de chute a gol, participar de jogos eletr\u00f4nicos de futebol, mixar iPod, al\u00e9m de outras atividades.<\/p>\n<p>Fonte: Promoview<\/p>\n","protected":false},"excerpt":{"rendered":"<p>Em uma a\u00e7\u00e3o de marketing promocional focada na Copa do Mundo na \u00c1frica do Sul, a Spaipa, franquia da Coca-Cola Brasil, come\u00e7ou no \u00faltimo dia 12\/05 a circular por cidades do Paran\u00e1 e do Interior de S\u00e3o Paulo, a Carreta Coca-Cola. O megacaminh\u00e3o, com 13 metros de comprimento e oito de largura, vai passar por &hellip; <\/p>\n<p class=\"link-more\"><a href=\"https:\/\/www.brindice.com.br\/blog\/carreta-coca-cola-ativa-acoes-da-copa-em-spi-e-pr\/\" class=\"more-link\">Continue lendo<span class=\"screen-reader-text\"> &#8220;Carreta Coca-Cola ativa a\u00e7\u00f5es da Copa em SPI e PR&#8221;<\/span><\/a><\/p>\n","protected":false},"author":1,"featured_media":0,"comment_status":"open","ping_status":"open","sticky":false,"template":"","format":"standard","meta":{"footnotes":""},"categories":[2],"tags":[],"class_list":["post-3481","post","type-post","status-publish","format-standard","hentry","category-marketing-promocional"],"aioseo_notices":[],"_links":{"self":[{"href":"https:\/\/www.brindice.com.br\/blog\/wp-json\/wp\/v2\/posts\/3481","targetHints":{"allow":["GET"]}}],"collection":[{"href":"https:\/\/www.brindice.com.br\/blog\/wp-json\/wp\/v2\/posts"}],"about":[{"href":"https:\/\/www.brindice.com.br\/blog\/wp-json\/wp\/v2\/types\/post"}],"author":[{"embeddable":true,"href":"https:\/\/www.brindice.com.br\/blog\/wp-json\/wp\/v2\/users\/1"}],"replies":[{"embeddable":true,"href":"https:\/\/www.brindice.com.br\/blog\/wp-json\/wp\/v2\/comments?post=3481"}],"version-history":[{"count":0,"href":"https:\/\/www.brindice.com.br\/blog\/wp-json\/wp\/v2\/posts\/3481\/revisions"}],"wp:attachment":[{"href":"https:\/\/www.brindice.com.br\/blog\/wp-json\/wp\/v2\/media?parent=3481"}],"wp:term":[{"taxonomy":"category","embeddable":true,"href":"https:\/\/www.brindice.com.br\/blog\/wp-json\/wp\/v2\/categories?post=3481"},{"taxonomy":"post_tag","embeddable":true,"href":"https:\/\/www.brindice.com.br\/blog\/wp-json\/wp\/v2\/tags?post=3481"}],"curies":[{"name":"wp","href":"https:\/\/api.w.org\/{rel}","templated":true}]}}