{"id":3489,"date":"2020-11-10T11:20:45","date_gmt":"2020-11-10T11:20:45","guid":{"rendered":"https:\/\/www.brindice.com.br\/blog\/texprima-brinda-convidados-do-fashion-rio-e-spfw\/"},"modified":"2020-11-10T11:20:45","modified_gmt":"2020-11-10T11:20:45","slug":"texprima-brinda-convidados-do-fashion-rio-e-spfw","status":"publish","type":"post","link":"https:\/\/www.brindice.com.br\/blog\/texprima-brinda-convidados-do-fashion-rio-e-spfw\/","title":{"rendered":"TexPrima brinda convidados do Fashion Rio e SPFW"},"content":{"rendered":"<p>A empresa que tem revolucionado o segmento t\u00eaxtil nacional, a TexPrima, agora estende sua a\u00e7\u00e3o para os convidados VIPs dos eventos de moda. Na pr\u00f3xima edi\u00e7\u00e3o do Fashion Rio e da SPFW, os eleitos ir\u00e3o ganhar um brinde exclusivo, com tema relacionado \u00e0 Copa do Mundo: uma linda echarpe, em gaze dupla, da cole\u00e7\u00e3o Provence, em estampa geom\u00e9trica, nas cores verde\/amarelo, como pede a torcida brasileira.<\/p>\n<p>O gift vir\u00e1 embalado numa sacola exclusiva em papel craft e dentro dela haver\u00e1 ainda mais uma surpresa, para agradar em cheio todas as mulheres. O presente ser\u00e1 distribu\u00eddo nas primeiras filas dos desfiles de Walter Rodrigues, Acquastudio, Carlos Tufvesson, Printing, Juliana Jabour, Alexandre Herchcovitch (masculino e feminino), Gl\u00f3ria Coelho, Carlota Joakina e Samuel Cirnansck, que a empresa patrocinar\u00e1.<\/p>\n<p>Fonte: Promoview<\/p>\n","protected":false},"excerpt":{"rendered":"<p>A empresa que tem revolucionado o segmento t\u00eaxtil nacional, a TexPrima, agora estende sua a\u00e7\u00e3o para os convidados VIPs dos eventos de moda. Na pr\u00f3xima edi\u00e7\u00e3o do Fashion Rio e da SPFW, os eleitos ir\u00e3o ganhar um brinde exclusivo, com tema relacionado \u00e0 Copa do Mundo: uma linda echarpe, em gaze dupla, da cole\u00e7\u00e3o Provence, &hellip; <\/p>\n<p class=\"link-more\"><a href=\"https:\/\/www.brindice.com.br\/blog\/texprima-brinda-convidados-do-fashion-rio-e-spfw\/\" class=\"more-link\">Continue lendo<span class=\"screen-reader-text\"> &#8220;TexPrima brinda convidados do Fashion Rio e SPFW&#8221;<\/span><\/a><\/p>\n","protected":false},"author":1,"featured_media":0,"comment_status":"open","ping_status":"open","sticky":false,"template":"","format":"standard","meta":{"footnotes":""},"categories":[2],"tags":[],"class_list":["post-3489","post","type-post","status-publish","format-standard","hentry","category-marketing-promocional"],"aioseo_notices":[],"_links":{"self":[{"href":"https:\/\/www.brindice.com.br\/blog\/wp-json\/wp\/v2\/posts\/3489","targetHints":{"allow":["GET"]}}],"collection":[{"href":"https:\/\/www.brindice.com.br\/blog\/wp-json\/wp\/v2\/posts"}],"about":[{"href":"https:\/\/www.brindice.com.br\/blog\/wp-json\/wp\/v2\/types\/post"}],"author":[{"embeddable":true,"href":"https:\/\/www.brindice.com.br\/blog\/wp-json\/wp\/v2\/users\/1"}],"replies":[{"embeddable":true,"href":"https:\/\/www.brindice.com.br\/blog\/wp-json\/wp\/v2\/comments?post=3489"}],"version-history":[{"count":0,"href":"https:\/\/www.brindice.com.br\/blog\/wp-json\/wp\/v2\/posts\/3489\/revisions"}],"wp:attachment":[{"href":"https:\/\/www.brindice.com.br\/blog\/wp-json\/wp\/v2\/media?parent=3489"}],"wp:term":[{"taxonomy":"category","embeddable":true,"href":"https:\/\/www.brindice.com.br\/blog\/wp-json\/wp\/v2\/categories?post=3489"},{"taxonomy":"post_tag","embeddable":true,"href":"https:\/\/www.brindice.com.br\/blog\/wp-json\/wp\/v2\/tags?post=3489"}],"curies":[{"name":"wp","href":"https:\/\/api.w.org\/{rel}","templated":true}]}}