{"id":3721,"date":"2020-11-10T11:20:45","date_gmt":"2020-11-10T11:20:45","guid":{"rendered":"https:\/\/www.brindice.com.br\/blog\/grupo-brindice-inova-e-apresenta-a-promo-brindice\/"},"modified":"2020-11-10T11:20:45","modified_gmt":"2020-11-10T11:20:45","slug":"grupo-brindice-inova-e-apresenta-a-promo-brindice","status":"publish","type":"post","link":"https:\/\/www.brindice.com.br\/blog\/grupo-brindice-inova-e-apresenta-a-promo-brindice\/","title":{"rendered":"Grupo Br\u00edndice inova e apresenta a PROMO BR\u00cdNDICE"},"content":{"rendered":"<p>Diante do crescimento e da evolu\u00e7\u00e3o do setor promocional, bem como do avan\u00e7o da economia brasileira, o Grupo Br\u00edndice, refer\u00eancia do segmento, decidiu aprimorar a Feira EXPO BR\u00cdNDICE a fim de atender as necessidades e oferecer mais benef\u00edcios para este ativo mercado.<\/p>\n<p>Assim, o Grupo Br\u00edndice inova e apresenta a PROMO BR\u00cdNDICE. Em sua 18\u00aa edi\u00e7\u00e3o, a j\u00e1 consolidada Feira EXPO BR\u00cdNDICE ganha novo nome, logotipo, local, data, hor\u00e1rio e amplia sua atua\u00e7\u00e3o, trazendo diversas novidades.<\/p>\n<p>Em 2011, o evento, que agora recebe o nome de PROMO BR\u00cdNDICE, passa a ser realizado entre 05 e 08 de julho, antecipando a gera\u00e7\u00e3o de neg\u00f3cios do setor, no Pavilh\u00e3o Amarelo do Expo Center Norte, um dos mais bem estruturados espa\u00e7os para eventos do pa\u00eds. <\/p>\n<p>Em um pavilh\u00e3o horizontal, climatizado, com mais de 3.400 vagas de estacionamento, de f\u00e1cil acesso, a PROMO BR\u00cdNDICE 2011 ampliar\u00e1 seu foco de atua\u00e7\u00e3o, abrangendo, al\u00e9m do setor de brindes e produtos promocionais, o de promo\u00e7\u00e3o e relacionamento. Assim, a PROMO BR\u00cdNDICE diversificar\u00e1 o evento, incluindo expositores com solu\u00e7\u00f5es e ferramentas dirigidas aos departamentos de marketing e comunica\u00e7\u00e3o das empresas que se dedicam \u00e0 cria\u00e7\u00e3o, amplia\u00e7\u00e3o e gera\u00e7\u00e3o de relacionamento entre marcas e clientes, por meio de brindes, a\u00e7\u00f5es em pontos de venda, campanhas de marketing direto ou estrat\u00e9gias on-line.<\/p>\n<p>A PROMO BR\u00cdNDICE ser\u00e1 dividida em quatro segmentos, para que o visitante tenha mais op\u00e7\u00f5es de servi\u00e7os e ferramentas em um \u00fanico evento e facilidade para encontrar os expositores de acordo com seus interesses:<br \/>\n&#8211; PROMO BRINDES: setor dedicado \u00e0 \u00e1rea de brindes e produtos promocionais.<br \/>\n&#8211; PROMO PDV: setor que explora o merchandising nos pontos de venda, apresentando as principais ferramentas e solu\u00e7\u00f5es do PDV.<br \/>\n&#8211; PROMO RELACIONAMENTO: setor voltado para expositores que trabalham com gerenciamento e coordena\u00e7\u00e3o de campanhas de marketing direto, DBM, CRM, telemarketing, call e contact center, log\u00edstica, entre outros.<br \/>\n&#8211; PROMO DIGITAL: setor voltado para as empresas dedicadas ao marketing digital, incluindo internet, m\u00eddias digitais, mobile marketing, entre outros.<\/p>\n<p>A PROMO BR\u00cdNDICE \u00e9 dedicada, portanto, aos profissionais de marketing, comunica\u00e7\u00e3o, eventos, compras e RH de todas as empresas e ag\u00eancias do Brasil que buscam solu\u00e7\u00f5es inovadoras para campanhas promocionais, e desejam ampliar e realizar novos neg\u00f3cios.<\/p>\n<p>Participar da PROMO BR\u00cdNDICE \u00e9 uma excelente oportunidade para entrar em contato com as novas tend\u00eancias do mercado de brindes, promo\u00e7\u00e3o e relacionamento e seus principais fornecedores.<\/p>\n<p>PROMO BR\u00cdNDICE \u2013 Feira de Brindes, Promo\u00e7\u00e3o e Relacionamento.<br \/>\nDATA: 05 a 08\/07\/11<br \/>\nHOR\u00c1RIO: 05 a 07\/07\/11 \u2013 de ter\u00e7a a quinta-feira \u2013 das 13h \u00e0s 20h<br \/>\n                   08\/07\/11 \u2013 sexta-feira \u2013 das 13h \u00e0s 19h<br \/>\nLOCAL: EXPO CENTER NORTE \u2013 PAVILH\u00c3O AMARELO \u2013 S\u00e3o Paulo \/ SP<\/p>\n<p>Fa\u00e7a seu cadastro para receber convite da PROMO BR\u00cdNDICE.<br \/>\nAcesse o site do evento: www.promobrindice.com.br ou entre em contato com o Grupo Br\u00edndice pelo telefone: 11 2832-4066.<\/p>\n","protected":false},"excerpt":{"rendered":"<p>Diante do crescimento e da evolu\u00e7\u00e3o do setor promocional, bem como do avan\u00e7o da economia brasileira, o Grupo Br\u00edndice, refer\u00eancia do segmento, decidiu aprimorar a Feira EXPO BR\u00cdNDICE a fim de atender as necessidades e oferecer mais benef\u00edcios para este ativo mercado. Assim, o Grupo Br\u00edndice inova e apresenta a PROMO BR\u00cdNDICE. Em sua 18\u00aa &hellip; <\/p>\n<p class=\"link-more\"><a href=\"https:\/\/www.brindice.com.br\/blog\/grupo-brindice-inova-e-apresenta-a-promo-brindice\/\" class=\"more-link\">Continue lendo<span class=\"screen-reader-text\"> &#8220;Grupo Br\u00edndice inova e apresenta a PROMO BR\u00cdNDICE&#8221;<\/span><\/a><\/p>\n","protected":false},"author":1,"featured_media":0,"comment_status":"open","ping_status":"open","sticky":false,"template":"","format":"standard","meta":{"footnotes":""},"categories":[2],"tags":[],"class_list":["post-3721","post","type-post","status-publish","format-standard","hentry","category-marketing-promocional"],"aioseo_notices":[],"_links":{"self":[{"href":"https:\/\/www.brindice.com.br\/blog\/wp-json\/wp\/v2\/posts\/3721","targetHints":{"allow":["GET"]}}],"collection":[{"href":"https:\/\/www.brindice.com.br\/blog\/wp-json\/wp\/v2\/posts"}],"about":[{"href":"https:\/\/www.brindice.com.br\/blog\/wp-json\/wp\/v2\/types\/post"}],"author":[{"embeddable":true,"href":"https:\/\/www.brindice.com.br\/blog\/wp-json\/wp\/v2\/users\/1"}],"replies":[{"embeddable":true,"href":"https:\/\/www.brindice.com.br\/blog\/wp-json\/wp\/v2\/comments?post=3721"}],"version-history":[{"count":0,"href":"https:\/\/www.brindice.com.br\/blog\/wp-json\/wp\/v2\/posts\/3721\/revisions"}],"wp:attachment":[{"href":"https:\/\/www.brindice.com.br\/blog\/wp-json\/wp\/v2\/media?parent=3721"}],"wp:term":[{"taxonomy":"category","embeddable":true,"href":"https:\/\/www.brindice.com.br\/blog\/wp-json\/wp\/v2\/categories?post=3721"},{"taxonomy":"post_tag","embeddable":true,"href":"https:\/\/www.brindice.com.br\/blog\/wp-json\/wp\/v2\/tags?post=3721"}],"curies":[{"name":"wp","href":"https:\/\/api.w.org\/{rel}","templated":true}]}}