{"id":3778,"date":"2020-11-10T11:20:45","date_gmt":"2020-11-10T11:20:45","guid":{"rendered":"https:\/\/www.brindice.com.br\/blog\/reebok-e-paqueta-levam-colorados-a-dubai\/"},"modified":"2020-11-10T11:20:45","modified_gmt":"2020-11-10T11:20:45","slug":"reebok-e-paqueta-levam-colorados-a-dubai","status":"publish","type":"post","link":"https:\/\/www.brindice.com.br\/blog\/reebok-e-paqueta-levam-colorados-a-dubai\/","title":{"rendered":"Reebok e Paquet\u00e1 levam colorados a Dubai"},"content":{"rendered":"<p>A a\u00e7\u00e3o de marketing promocional \u201cEstaremos Contigo\u201c, realizada pela Reebok em parceria com a Paquet\u00e1 Esportes, para os torcedores do Internacional, de Porto Alegre, entrega os pr\u00eamios para os colorados Angelo Augusto Chiattone, Paloma Morais Correa, Tiago Panerai Pereira, Guilherme Patricio Coral e Cristiano Noll, que j\u00e1 est\u00e3o de \u201cmalas prontas\u201d e embarcam amanh\u00e3 (10\/12), \u00e0s 11h, para os Emirados \u00c1rabes.<\/p>\n<p>Eles foram os autores das cinco melhores reda\u00e7\u00f5es respondendo \u00e0 pergunta: \u201cPor que voc\u00ea merece ir para Abu Dhabi torcer para o seu time ser Bicampe\u00e3o Mundial?\u201d. Respons\u00e1vel pela administra\u00e7\u00e3o do concurso, a Endere\u00e7o Certo \u2013 Solu\u00e7\u00f5es em Opera\u00e7\u00f5es de Marketing ir\u00e1 entregar os pr\u00eamios em cerim\u00f4nia com a presen\u00e7a do coordenador de marketing da Paquet\u00e1 Esportes, Rafael Bedin.<\/p>\n<p>Os torcedores escolhidos no concurso ter\u00e3o toda a assist\u00eancia e monitoramento da empresa de marketing. A Endere\u00e7o Certo administrou desde a elabora\u00e7\u00e3o do regulamento, passando pela coleta dos cupons nas lojas e via internet, sele\u00e7\u00e3o das melhores respostas e entrega dos pr\u00eamios. Conhecidos os vencedores, auxilia agora os colorados ganhadores na confec\u00e7\u00e3o dos documentos e durante a viagem para assistir aos jogos do \u201cMundial Interclubes Fifa\u201d, no qual o Internacional \u00e9 o Brasil em campo.<\/p>\n<p>Fonte: Promoview<\/p>\n","protected":false},"excerpt":{"rendered":"<p>A a\u00e7\u00e3o de marketing promocional \u201cEstaremos Contigo\u201c, realizada pela Reebok em parceria com a Paquet\u00e1 Esportes, para os torcedores do Internacional, de Porto Alegre, entrega os pr\u00eamios para os colorados Angelo Augusto Chiattone, Paloma Morais Correa, Tiago Panerai Pereira, Guilherme Patricio Coral e Cristiano Noll, que j\u00e1 est\u00e3o de \u201cmalas prontas\u201d e embarcam amanh\u00e3 (10\/12), &hellip; <\/p>\n<p class=\"link-more\"><a href=\"https:\/\/www.brindice.com.br\/blog\/reebok-e-paqueta-levam-colorados-a-dubai\/\" class=\"more-link\">Continue lendo<span class=\"screen-reader-text\"> &#8220;Reebok e Paquet\u00e1 levam colorados a Dubai&#8221;<\/span><\/a><\/p>\n","protected":false},"author":1,"featured_media":0,"comment_status":"open","ping_status":"open","sticky":false,"template":"","format":"standard","meta":{"footnotes":""},"categories":[2],"tags":[],"class_list":["post-3778","post","type-post","status-publish","format-standard","hentry","category-marketing-promocional"],"aioseo_notices":[],"_links":{"self":[{"href":"https:\/\/www.brindice.com.br\/blog\/wp-json\/wp\/v2\/posts\/3778","targetHints":{"allow":["GET"]}}],"collection":[{"href":"https:\/\/www.brindice.com.br\/blog\/wp-json\/wp\/v2\/posts"}],"about":[{"href":"https:\/\/www.brindice.com.br\/blog\/wp-json\/wp\/v2\/types\/post"}],"author":[{"embeddable":true,"href":"https:\/\/www.brindice.com.br\/blog\/wp-json\/wp\/v2\/users\/1"}],"replies":[{"embeddable":true,"href":"https:\/\/www.brindice.com.br\/blog\/wp-json\/wp\/v2\/comments?post=3778"}],"version-history":[{"count":0,"href":"https:\/\/www.brindice.com.br\/blog\/wp-json\/wp\/v2\/posts\/3778\/revisions"}],"wp:attachment":[{"href":"https:\/\/www.brindice.com.br\/blog\/wp-json\/wp\/v2\/media?parent=3778"}],"wp:term":[{"taxonomy":"category","embeddable":true,"href":"https:\/\/www.brindice.com.br\/blog\/wp-json\/wp\/v2\/categories?post=3778"},{"taxonomy":"post_tag","embeddable":true,"href":"https:\/\/www.brindice.com.br\/blog\/wp-json\/wp\/v2\/tags?post=3778"}],"curies":[{"name":"wp","href":"https:\/\/api.w.org\/{rel}","templated":true}]}}