{"id":3842,"date":"2020-11-10T11:20:45","date_gmt":"2020-11-10T11:20:45","guid":{"rendered":"https:\/\/www.brindice.com.br\/blog\/motorola-monta-cubo-para-aniversario-de-sao-paulo\/"},"modified":"2020-11-10T11:20:45","modified_gmt":"2020-11-10T11:20:45","slug":"motorola-monta-cubo-para-aniversario-de-sao-paulo","status":"publish","type":"post","link":"https:\/\/www.brindice.com.br\/blog\/motorola-monta-cubo-para-aniversario-de-sao-paulo\/","title":{"rendered":"Motorola monta cubo para anivers\u00e1rio de S\u00e3o Paulo"},"content":{"rendered":"<p>Outras empresas ainda se unem para proporcionar espet\u00e1culo de cores, imagens e sons em pontos tur\u00edsticos de S\u00e3o Paulo<\/p>\n<p>A Motorola se tornou parceira da Prefeitura de S\u00e3o Paulo para comemorar os 457 anos da capital paulista. A empresa estar\u00e1 presente no tradicional show de anivers\u00e1rio que acontecer\u00e1 no centro da cidade, em 25 de janeiro. Por meio de um cubo gigante (7 metros) de LEDs, a Motorola vai permitir que todos possam enviar manifesta\u00e7\u00f5es em prol de S\u00e3o Paulo. No cubo, que funcionar\u00e1 como uma galeria de arte coletiva, v\u00eddeos, fotos e mensagens ser\u00e3o exibidas depois de terem passado pelo crivo da curadoria do evento.<\/p>\n<p>De acordo com Rodrigo Vidigal, diretor de marketing da Motorola, a interven\u00e7\u00e3o urbana est\u00e1 de acordo com o momento pelo qual a companhia est\u00e1 passando, resultado das a\u00e7\u00f5es da empresa nos \u00faltimos dois anos. &quot;Recentemente separamos a Motorola em Solutions e Mobility. A primeira engloba servi\u00e7os para governos e empresas. Enquanto que a segunda refor\u00e7a o conceito de mobilidade, interatividade e multim\u00eddia da companhia&quot;, explica.<\/p>\n<p>Pelo site SPaoCubo, as pessoas podem obter mais informa\u00e7\u00f5es sobre o espet\u00e1culo, al\u00e9m de enviarem antecipadamente as suas mensagens. O an\u00fancio da a\u00e7\u00e3o est\u00e1 sendo feito em parceria pela Motorola &#8211; em seus canais nas redes sociais &#8211; e pela Prefeitura de S\u00e3o Paulo.<\/p>\n<p>Intitulado &quot;SP ao Cubo \u2013 457 anos de S\u00e3o Paulo&quot;, o show ter\u00e1 artistas paulistanos de nascimento e de honra para interpretar um repert\u00f3rio tipicamente paulistano. Al\u00e9m de Sampa (Caetano Veloso), que ser\u00e1 interpretada por Maria Gad\u00fa, o repert\u00f3rio conta com can\u00e7\u00f5es como Ronda (Paulo Vanzolini), por Paulo Miklos, Punk da periferia (Gilberto Gil), por Paulo Ricardo e Envelhe\u00e7o na cidade (Ira), que ser\u00e1 cantada por Malu Magalh\u00e3es.<\/p>\n<p>Outra atra\u00e7\u00e3o em S\u00e3o Paulo ser\u00e1 a fonte multim\u00eddia do Parque Ibirapuera. De 22 a 30 de janeiro, o p\u00fablico poder\u00e1 conferir um espet\u00e1culo de cores com proje\u00e7\u00f5es e dan\u00e7a das \u00e1guas. Filmes, fotos, anima\u00e7\u00f5es da cidade ser\u00e3o sonorizadas por m\u00fasicas que aclamam a capital paulista. A fonte que foi doada \u00e0 cidade de S\u00e3o Paulo pelo Grupo P\u00e3o de A\u00e7\u00facar, ter\u00e1 apoio do mesmo grupo, da Prefeitura e patroc\u00ednio da Brookfield para a realiza\u00e7\u00e3o do evento especial. A cria\u00e7\u00e3o da fonte \u00e9 da Mox Produ\u00e7\u00f5es, com dire\u00e7\u00e3o musical e coordena\u00e7\u00e3o geral da produtora Divina Com\u00e9dia.<\/p>\n<p>Fonte: MM Online<\/p>\n","protected":false},"excerpt":{"rendered":"<p>Outras empresas ainda se unem para proporcionar espet\u00e1culo de cores, imagens e sons em pontos tur\u00edsticos de S\u00e3o Paulo A Motorola se tornou parceira da Prefeitura de S\u00e3o Paulo para comemorar os 457 anos da capital paulista. A empresa estar\u00e1 presente no tradicional show de anivers\u00e1rio que acontecer\u00e1 no centro da cidade, em 25 de &hellip; <\/p>\n<p class=\"link-more\"><a href=\"https:\/\/www.brindice.com.br\/blog\/motorola-monta-cubo-para-aniversario-de-sao-paulo\/\" class=\"more-link\">Continue lendo<span class=\"screen-reader-text\"> &#8220;Motorola monta cubo para anivers\u00e1rio de S\u00e3o Paulo&#8221;<\/span><\/a><\/p>\n","protected":false},"author":1,"featured_media":0,"comment_status":"open","ping_status":"open","sticky":false,"template":"","format":"standard","meta":{"footnotes":""},"categories":[2],"tags":[],"class_list":["post-3842","post","type-post","status-publish","format-standard","hentry","category-marketing-promocional"],"aioseo_notices":[],"_links":{"self":[{"href":"https:\/\/www.brindice.com.br\/blog\/wp-json\/wp\/v2\/posts\/3842","targetHints":{"allow":["GET"]}}],"collection":[{"href":"https:\/\/www.brindice.com.br\/blog\/wp-json\/wp\/v2\/posts"}],"about":[{"href":"https:\/\/www.brindice.com.br\/blog\/wp-json\/wp\/v2\/types\/post"}],"author":[{"embeddable":true,"href":"https:\/\/www.brindice.com.br\/blog\/wp-json\/wp\/v2\/users\/1"}],"replies":[{"embeddable":true,"href":"https:\/\/www.brindice.com.br\/blog\/wp-json\/wp\/v2\/comments?post=3842"}],"version-history":[{"count":0,"href":"https:\/\/www.brindice.com.br\/blog\/wp-json\/wp\/v2\/posts\/3842\/revisions"}],"wp:attachment":[{"href":"https:\/\/www.brindice.com.br\/blog\/wp-json\/wp\/v2\/media?parent=3842"}],"wp:term":[{"taxonomy":"category","embeddable":true,"href":"https:\/\/www.brindice.com.br\/blog\/wp-json\/wp\/v2\/categories?post=3842"},{"taxonomy":"post_tag","embeddable":true,"href":"https:\/\/www.brindice.com.br\/blog\/wp-json\/wp\/v2\/tags?post=3842"}],"curies":[{"name":"wp","href":"https:\/\/api.w.org\/{rel}","templated":true}]}}