{"id":3843,"date":"2020-11-10T11:20:45","date_gmt":"2020-11-10T11:20:45","guid":{"rendered":"https:\/\/www.brindice.com.br\/blog\/brasileiros-agora-sao-high-techs\/"},"modified":"2020-11-10T11:20:45","modified_gmt":"2020-11-10T11:20:45","slug":"brasileiros-agora-sao-high-techs","status":"publish","type":"post","link":"https:\/\/www.brindice.com.br\/blog\/brasileiros-agora-sao-high-techs\/","title":{"rendered":"Brasileiros agora s\u00e3o \u201cHigh-techs\u201d"},"content":{"rendered":"<p>Brasileiro gosta de consumir tecnologia! Esse dado foi constatado a partir de um estudo da consultoria Accenture, divulgado recentemente. Revelou-se que os brasileiros lideram as compras de telefones celulares, TVs de alta defini\u00e7\u00e3o, c\u00e2meras digitais, notebooks entre pa\u00edses como Estados Unidos, Jap\u00e3o, Alemanha, Fran\u00e7a, R\u00fassia, \u00cdndia e China.<\/p>\n<p>A pesquisa demonstrou um novo paradigma de consumidores de tecnologia, onde pa\u00edses emergentes ganham destaque em rela\u00e7\u00e3o aos pa\u00edses mais ricos. Para o cientista social e jornalista, Paulo Roberto Figueira Leal, existem dois fatores que determinam esses dados: a ascens\u00e3o das classes C e D e a consolida\u00e7\u00e3o de tecnologias \u201csociais\u201d no Brasil.<\/p>\n<p>O primeiro \u00e9 relativo ao atraso dos pa\u00edses emergentes em rela\u00e7\u00e3o aos desenvolvidos, \u201cclasses que nunca puderam consumir, hoje, com as facilidades de pagamento e com a dissemina\u00e7\u00e3o dos produtos, apresentam um volume de consumo muito maior do que a dos pa\u00edses mais est\u00e1veis economicamente\u201d, diz o jornalista.<\/p>\n<p>O outro fator est\u00e1 relacionado \u00e0 aceita\u00e7\u00e3o de produtos que assegure o contato, hoje o Brasil \u00e9 l\u00edder em utiliza\u00e7\u00e3o de redes sociais, \u201cmanter relacionamentos por interm\u00e9dio das novas tecnologias \u00e9 uma das condi\u00e7\u00f5es fundamentais para a inser\u00e7\u00e3o social dos indiv\u00edduos, a difus\u00e3o de smartphones, netbooks, celulares se deve a esta condi\u00e7\u00e3o. Al\u00e9m disso, temos uma constru\u00e7\u00e3o audiovisual muito consolidada, visto que a programa\u00e7\u00e3o de TV faz parte da rotina dos brasileiros,\u201d  assegura Paulo Roberto.<\/p>\n<p>Com o diagn\u00f3stico positivo, a ind\u00fastria tecnol\u00f3gica n\u00e3o poupa esfor\u00e7os para atrair seu p\u00fablico por meio de inova\u00e7\u00f5es. De 06 a 09\/01, aconteceu em Las Vegas, a maior feira de tecnologia do mundo, a International CES, que neste ano registrou n\u00fameros recordes, com a participa\u00e7\u00e3o de cerca de 140 mil profissionais do setor, onde mais 30 mil pessoas eram de fora dos EUA, representados em 80 delega\u00e7\u00f5es oficiais.<\/p>\n<p>O empres\u00e1rio juiz-forano Carlos Roberto Zanini, esteve na feira e afirma ter sido o maior evento que j\u00e1 participou. \u201cEstar na International CES foi uma oportunidade incr\u00edvel de conhecer as tend\u00eancias mundiais em tecnologia nos mais diversos setores como autom\u00f3vel , telefonia e mercados de entretenimento\u201d, afirma.<\/p>\n<p>O mercado mundial j\u00e1 se despertou para o potencial do mercado brasileiro, Zanini afirma que \u00e9 vis\u00edvel o interesse dos investidores, \u201choje somos um dos principais mercados no mundo pronto para consumir todas as novidades e tend\u00eancias apresentadas durante a CES 2011, onde andando pelos corredores foi poss\u00edvel perceber o interesse dos expositores pelo Brasil\u201d, diz o empres\u00e1rio.<\/p>\n<p>Al\u00e9m disso, Zanini afirma que foi uma experi\u00eancia enriquecedora em sua viagem de Benchmarking, onde pode avaliar a estrutura do evento e captar boas id\u00e9ias para o desenvolvimento de uma grande feira. \u201cCom imensos pavilh\u00f5es lotados, gente por todos os lados, palestras simult\u00e2neas, quem passava por esses lugares pode ver de perto stands incr\u00edveis, personalidades mundiais, atores famosos e muita intera\u00e7\u00e3o com apresenta\u00e7\u00e3o ao vivo de Djs, grupo de Dan\u00e7a e artistas perform\u00e1ticos e, claro, uma infinidade de lan\u00e7amentos e inova\u00e7\u00f5es\u201d, narra o empres\u00e1rio.<\/p>\n<p>Carlos Roberto ainda aponta como diferencial a integra\u00e7\u00e3o entre o p\u00fablico, expositores e organiza\u00e7\u00e3o. \u201cA CES 2011 entrou de cabe\u00e7a na era das redes sociais , utilizando-se de estrategias de pr\u00e9-divulga\u00e7\u00e3o no mundo da m\u00eddia social com infinitos tweets e posts  relacionados ao evento. Al\u00e9m disso, durante os dias foram in\u00fameras a\u00e7\u00f5es envolvendo redes sociais , tex-messeger e bluetooth o que promoveu a interatividade como pe\u00e7a fundamental da feira,\u201d diz .<\/p>\n<p>Com uma diversidade gigantesca de tecnologias a International CES 2011 apresentou diversas  tend\u00eancias que prometem movimentar o mercado. Mais de 80 tipo de\u201ctablets\u201d, tecnologia  de 4G wireless, c\u00e2meras fotogr\u00e1ficas em 3D, diversos modelos de TV 3D, aparelhos inteligentes como por exemplo ve\u00edculos el\u00e9tricos. Basta agora esperar chegar no Brasil e ver em que posi\u00e7\u00e3o estaremos no pr\u00f3ximo ranking.<\/p>\n<p>Fonte: Promoview<\/p>\n","protected":false},"excerpt":{"rendered":"<p>Brasileiro gosta de consumir tecnologia! Esse dado foi constatado a partir de um estudo da consultoria Accenture, divulgado recentemente. Revelou-se que os brasileiros lideram as compras de telefones celulares, TVs de alta defini\u00e7\u00e3o, c\u00e2meras digitais, notebooks entre pa\u00edses como Estados Unidos, Jap\u00e3o, Alemanha, Fran\u00e7a, R\u00fassia, \u00cdndia e China. A pesquisa demonstrou um novo paradigma de &hellip; <\/p>\n<p class=\"link-more\"><a href=\"https:\/\/www.brindice.com.br\/blog\/brasileiros-agora-sao-high-techs\/\" class=\"more-link\">Continue lendo<span class=\"screen-reader-text\"> &#8220;Brasileiros agora s\u00e3o \u201cHigh-techs\u201d&#8221;<\/span><\/a><\/p>\n","protected":false},"author":1,"featured_media":0,"comment_status":"open","ping_status":"open","sticky":false,"template":"","format":"standard","meta":{"footnotes":""},"categories":[2],"tags":[],"class_list":["post-3843","post","type-post","status-publish","format-standard","hentry","category-marketing-promocional"],"aioseo_notices":[],"_links":{"self":[{"href":"https:\/\/www.brindice.com.br\/blog\/wp-json\/wp\/v2\/posts\/3843","targetHints":{"allow":["GET"]}}],"collection":[{"href":"https:\/\/www.brindice.com.br\/blog\/wp-json\/wp\/v2\/posts"}],"about":[{"href":"https:\/\/www.brindice.com.br\/blog\/wp-json\/wp\/v2\/types\/post"}],"author":[{"embeddable":true,"href":"https:\/\/www.brindice.com.br\/blog\/wp-json\/wp\/v2\/users\/1"}],"replies":[{"embeddable":true,"href":"https:\/\/www.brindice.com.br\/blog\/wp-json\/wp\/v2\/comments?post=3843"}],"version-history":[{"count":0,"href":"https:\/\/www.brindice.com.br\/blog\/wp-json\/wp\/v2\/posts\/3843\/revisions"}],"wp:attachment":[{"href":"https:\/\/www.brindice.com.br\/blog\/wp-json\/wp\/v2\/media?parent=3843"}],"wp:term":[{"taxonomy":"category","embeddable":true,"href":"https:\/\/www.brindice.com.br\/blog\/wp-json\/wp\/v2\/categories?post=3843"},{"taxonomy":"post_tag","embeddable":true,"href":"https:\/\/www.brindice.com.br\/blog\/wp-json\/wp\/v2\/tags?post=3843"}],"curies":[{"name":"wp","href":"https:\/\/api.w.org\/{rel}","templated":true}]}}