{"id":3900,"date":"2020-11-10T11:20:45","date_gmt":"2020-11-10T11:20:45","guid":{"rendered":"https:\/\/www.brindice.com.br\/blog\/89fm-fecha-com-nestle-e-vira-radio-customizada\/"},"modified":"2020-11-10T11:20:45","modified_gmt":"2020-11-10T11:20:45","slug":"89fm-fecha-com-nestle-e-vira-radio-customizada","status":"publish","type":"post","link":"https:\/\/www.brindice.com.br\/blog\/89fm-fecha-com-nestle-e-vira-radio-customizada\/","title":{"rendered":"89FM fecha com Nestl\u00e9 e vira r\u00e1dio customizada"},"content":{"rendered":"<p>Uma das mais tradicionais emissoras de r\u00e1dio do Brasil vai aderir \u00e0 onda da customiza\u00e7\u00e3o de conte\u00fado. A 89FM selou acordo com a linha Fast, da Nestl\u00e9, e a partir de mar\u00e7o se reinventa sob a influ\u00eancia da marca focada no p\u00fablico jovem.<br \/>\nSegundo apura\u00e7\u00e3o do Adnews, a &quot;89FM Fast&quot; nasce, a princ\u00edpio, por um per\u00edodo de um ano e trar\u00e1 mudan\u00e7as na pl\u00e1stica e programa\u00e7\u00e3o atuais. Novas vinhetas e modelos diferenciados est\u00e3o sendo repensados e movimentam a r\u00e1dio que j\u00e1 foi reduto do rock e hoje vive para o pop.<br \/>\nAinda n\u00e3o h\u00e1 informa\u00e7\u00f5es detalhadas sobre eventuais mudan\u00e7as na grade. Uma coletiva de imprensa vai oficializar o an\u00fancio na pr\u00f3xima quarta-feira. Integram esse nicho de conte\u00fado com marca emissoras como a OiFM, MitsubishiFM e SulAm\u00e9rica Tr\u00e2nsito.<\/p>\n<p>Fonte: Adnews<\/p>\n","protected":false},"excerpt":{"rendered":"<p>Uma das mais tradicionais emissoras de r\u00e1dio do Brasil vai aderir \u00e0 onda da customiza\u00e7\u00e3o de conte\u00fado. A 89FM selou acordo com a linha Fast, da Nestl\u00e9, e a partir de mar\u00e7o se reinventa sob a influ\u00eancia da marca focada no p\u00fablico jovem. Segundo apura\u00e7\u00e3o do Adnews, a &quot;89FM Fast&quot; nasce, a princ\u00edpio, por um &hellip; <\/p>\n<p class=\"link-more\"><a href=\"https:\/\/www.brindice.com.br\/blog\/89fm-fecha-com-nestle-e-vira-radio-customizada\/\" class=\"more-link\">Continue lendo<span class=\"screen-reader-text\"> &#8220;89FM fecha com Nestl\u00e9 e vira r\u00e1dio customizada&#8221;<\/span><\/a><\/p>\n","protected":false},"author":1,"featured_media":0,"comment_status":"open","ping_status":"open","sticky":false,"template":"","format":"standard","meta":{"footnotes":""},"categories":[2],"tags":[],"class_list":["post-3900","post","type-post","status-publish","format-standard","hentry","category-marketing-promocional"],"aioseo_notices":[],"_links":{"self":[{"href":"https:\/\/www.brindice.com.br\/blog\/wp-json\/wp\/v2\/posts\/3900","targetHints":{"allow":["GET"]}}],"collection":[{"href":"https:\/\/www.brindice.com.br\/blog\/wp-json\/wp\/v2\/posts"}],"about":[{"href":"https:\/\/www.brindice.com.br\/blog\/wp-json\/wp\/v2\/types\/post"}],"author":[{"embeddable":true,"href":"https:\/\/www.brindice.com.br\/blog\/wp-json\/wp\/v2\/users\/1"}],"replies":[{"embeddable":true,"href":"https:\/\/www.brindice.com.br\/blog\/wp-json\/wp\/v2\/comments?post=3900"}],"version-history":[{"count":0,"href":"https:\/\/www.brindice.com.br\/blog\/wp-json\/wp\/v2\/posts\/3900\/revisions"}],"wp:attachment":[{"href":"https:\/\/www.brindice.com.br\/blog\/wp-json\/wp\/v2\/media?parent=3900"}],"wp:term":[{"taxonomy":"category","embeddable":true,"href":"https:\/\/www.brindice.com.br\/blog\/wp-json\/wp\/v2\/categories?post=3900"},{"taxonomy":"post_tag","embeddable":true,"href":"https:\/\/www.brindice.com.br\/blog\/wp-json\/wp\/v2\/tags?post=3900"}],"curies":[{"name":"wp","href":"https:\/\/api.w.org\/{rel}","templated":true}]}}