{"id":5636,"date":"2020-11-10T11:20:45","date_gmt":"2020-11-10T11:20:45","guid":{"rendered":"https:\/\/www.brindice.com.br\/blog\/cresce-inadimplencia-do-consumidor\/"},"modified":"2020-11-10T11:20:45","modified_gmt":"2020-11-10T11:20:45","slug":"cresce-inadimplencia-do-consumidor","status":"publish","type":"post","link":"https:\/\/www.brindice.com.br\/blog\/cresce-inadimplencia-do-consumidor\/","title":{"rendered":"Cresce inadimpl\u00eancia do consumidor"},"content":{"rendered":"<p>A inadimpl\u00eancia do consumidor encerrou o primeiro semestre de 2013 com crescimento de 5,6%, em rela\u00e7\u00e3o ao mesmo per\u00edodo do ano anterior, segundo Indicador Serasa Experian. \u00c9 a menor varia\u00e7\u00e3o para os seis primeiros meses do ano desde 2011, quando a inadimpl\u00eancia do consumidor cresceu 21,6%. Na varia\u00e7\u00e3o mensal (junho contra maio) o \u00edndoce registrou queda de 4,0%. Na rela\u00e7\u00e3o anual (junho deste ano contra o mesmo m\u00eas do ano passado) o indicador caiu 3,0%.<\/p>\n<p>Segundo os economistas da Serasa Experian, o consumidor est\u00e1 mais cauteloso em rela\u00e7\u00e3o \u00e0 sua situa\u00e7\u00e3o financeira neste primeiro semestre do ano. A infla\u00e7\u00e3o reduziu o poder aquisitivo e o ciclo de eleva\u00e7\u00e3o dos juros tem penalizado aqueles que utilizam intensamente o cheque especial e o rotativo do cart\u00e3o de cr\u00e9dito. Diante deste cen\u00e1rio, o consumidor evita novas compras a prazo e prioriza o pagamento e a renegocia\u00e7\u00e3o das d\u00edvidas. Ainda de acordo com os economistas, a inadimpl\u00eancia como um todo est\u00e1 perdendo f\u00f4lego em decorr\u00eancia de um conjunto de fatores desfavor\u00e1veis ao consumidor, com menos renda e mais juros.<\/p>\n<p>As d\u00edvidas n\u00e3o banc\u00e1rias (junto aos cart\u00f5es de cr\u00e9dito, financeiras, lojas em geral e prestadoras de servi\u00e7os como telefonia e fornecimento de energia el\u00e9trica, \u00e1gua etc.) foram as principais respons\u00e1veis pelo crescimento do indicador no primeiro semestre do ano, com varia\u00e7\u00e3o positiva de 12,6% e contribui\u00e7\u00e3o de 5,8 p.p. A inadimpl\u00eancia com bancos tamb\u00e9m cresceu 1,3% e contribuiu com 0,6 p.p. J\u00e1 os cheques sem fundos apresentaram queda de 9,4% e contribui\u00e7\u00e3o negativa de 0,7 p.p. Os t\u00edtulos protestados tamb\u00e9m ca\u00edram 1,4%, mas apresentaram contribui\u00e7\u00e3o nula no indicador semestral.<\/p>\n<p>Fonte: ClienteSA<\/p>\n","protected":false},"excerpt":{"rendered":"<p>A inadimpl\u00eancia do consumidor encerrou o primeiro semestre de 2013 com crescimento de 5,6%, em rela\u00e7\u00e3o ao mesmo per\u00edodo do ano anterior, segundo Indicador Serasa Experian. \u00c9 a menor varia\u00e7\u00e3o para os seis primeiros meses do ano desde 2011, quando a inadimpl\u00eancia do consumidor cresceu 21,6%. Na varia\u00e7\u00e3o mensal (junho contra maio) o \u00edndoce registrou &hellip; <\/p>\n<p class=\"link-more\"><a href=\"https:\/\/www.brindice.com.br\/blog\/cresce-inadimplencia-do-consumidor\/\" class=\"more-link\">Continue lendo<span class=\"screen-reader-text\"> &#8220;Cresce inadimpl\u00eancia do consumidor&#8221;<\/span><\/a><\/p>\n","protected":false},"author":1,"featured_media":0,"comment_status":"open","ping_status":"open","sticky":false,"template":"","format":"standard","meta":{"footnotes":""},"categories":[2],"tags":[],"class_list":["post-5636","post","type-post","status-publish","format-standard","hentry","category-marketing-promocional"],"aioseo_notices":[],"_links":{"self":[{"href":"https:\/\/www.brindice.com.br\/blog\/wp-json\/wp\/v2\/posts\/5636","targetHints":{"allow":["GET"]}}],"collection":[{"href":"https:\/\/www.brindice.com.br\/blog\/wp-json\/wp\/v2\/posts"}],"about":[{"href":"https:\/\/www.brindice.com.br\/blog\/wp-json\/wp\/v2\/types\/post"}],"author":[{"embeddable":true,"href":"https:\/\/www.brindice.com.br\/blog\/wp-json\/wp\/v2\/users\/1"}],"replies":[{"embeddable":true,"href":"https:\/\/www.brindice.com.br\/blog\/wp-json\/wp\/v2\/comments?post=5636"}],"version-history":[{"count":0,"href":"https:\/\/www.brindice.com.br\/blog\/wp-json\/wp\/v2\/posts\/5636\/revisions"}],"wp:attachment":[{"href":"https:\/\/www.brindice.com.br\/blog\/wp-json\/wp\/v2\/media?parent=5636"}],"wp:term":[{"taxonomy":"category","embeddable":true,"href":"https:\/\/www.brindice.com.br\/blog\/wp-json\/wp\/v2\/categories?post=5636"},{"taxonomy":"post_tag","embeddable":true,"href":"https:\/\/www.brindice.com.br\/blog\/wp-json\/wp\/v2\/tags?post=5636"}],"curies":[{"name":"wp","href":"https:\/\/api.w.org\/{rel}","templated":true}]}}