{"id":5764,"date":"2020-11-10T11:20:45","date_gmt":"2020-11-10T11:20:45","guid":{"rendered":"https:\/\/www.brindice.com.br\/blog\/a-economia-e-o-futuro\/"},"modified":"2020-11-10T11:20:45","modified_gmt":"2020-11-10T11:20:45","slug":"a-economia-e-o-futuro","status":"publish","type":"post","link":"https:\/\/www.brindice.com.br\/blog\/a-economia-e-o-futuro\/","title":{"rendered":"A economia e o futuro"},"content":{"rendered":"<p>Ultimamente proliferam cursos de educa\u00e7\u00e3o financeira para ensinar as pessoas a disciplinar os gastos. Os gestores do dinheiro p\u00fablico n\u00e3o se preocupam com isso, gastando mal os impostos suados, pagos pela popula\u00e7\u00e3o, como se fossem os donos do pa\u00eds, havendo muitos desperd\u00edcios e desvios de verbas. Quem gasta mal deve ser responsabilizado. Quem administra mal n\u00e3o merece o cargo. Nesta fase de vacas magras que estamos adentrando, com nova concentra\u00e7\u00e3o dos fluxos financeiros no d\u00f3lar, \u00e9 necess\u00e1rio promover o progresso com nossos meios, reduzindo a depend\u00eancia externa \u00e0 qual nos acorrentamos.<\/p>\n<p>As recentes manifesta\u00e7\u00f5es nas ruas das cidades n\u00e3o representam uma  a\u00e7\u00e3o contra o capitalismo em si. Inegavelmente, a vida se tornou \u00e1spera. N\u00e3o h\u00e1 considera\u00e7\u00e3o, nem respeito. Vale tudo para satisfazer a gan\u00e2ncia e a sede de poder. Na medida em que a popula\u00e7\u00e3o se conscientiza das consequ\u00eancias, vai se posicionando contra a desumaniza\u00e7\u00e3o, os desvios, os desperd\u00edcios e a falta de seriedade na aplica\u00e7\u00e3o do dinheiro p\u00fablico.<\/p>\n<p>A gest\u00e3o do Brasil tem sido mesmo lament\u00e1vel; tanto no per\u00edodo democr\u00e1tico, como nas \u00e9pocas de exce\u00e7\u00e3o, n\u00e3o ocorreu o necess\u00e1rio avan\u00e7o. Precisamos de um objetivo que promova o progresso real com a participa\u00e7\u00e3o de todos e, principalmente, das novas gera\u00e7\u00f5es. Se direcionarmos os jovens apenas para o lazer e o consumismo, sem despertar neles o interesse para se prepararem para uma vida \u00fatil, haver\u00e1 amea\u00e7as sobre o futuro. Como poder\u00e3o se tornar l\u00edderes de valor, melhores do que os antecessores?  <\/p>\n<p>Mais de 120 milh\u00f5es de jovens n\u00e3o conseguem ler por faltar-lhes capacita\u00e7\u00e3o. Malala Yosafzai, a blogueira ativista e estudante paquistanesa que discursou na ONU,  clama contra o analfabetismo e a impossibilidade de muitas crian\u00e7as frequentarem escolas. &quot;Um professor, um livro, uma caneta, podem mudar o mundo&quot;, salientou.<\/p>\n<p>Muitas pessoas parecem estar perdendo o discernimento, agindo de forma irrespons\u00e1vel, desatentas, sem pensar nas consequ\u00eancias. Isso tamb\u00e9m \u00e9 um problema decorrente da educa\u00e7\u00e3o inadequada, da falta da atua\u00e7\u00e3o conjunta do &quot;eu interior&quot;. Not\u00edcias como a publicada no jornal Folha de S\u00e3o Paulo, de que pais e moradores revoltados tomaram as ruas de Chapra, no leste da \u00cdndia, depois que pelo menos 22 crian\u00e7as morreram e outras 28 foram hospitalizadas no dia 16 de julho ap\u00f3s comerem uma merenda escolar contaminada com subst\u00e2ncias qu\u00edmicas, nos causam grande preocupa\u00e7\u00e3o.<\/p>\n<p>N\u00e3o podemos gastar muito tempo e energia em discuss\u00f5es sobre as teorias econ\u00f4micas. Precisamos colocar ordem na casa; precisamos de economistas e de empres\u00e1rios estadistas que n\u00e3o pensem apenas no resultado financeiro, e de estadistas no governo, seja em Bras\u00edlia, ou nos Estados e Munic\u00edpios. Todos responsavelmente empenhados na busca do real progresso humano.<\/p>\n<p>Os governantes deveriam levar a s\u00e9rio a import\u00e2ncia do equil\u00edbrio no com\u00e9rcio exterior. As diferen\u00e7as regionais promovem a necessidade de troca de produtos, mas isso n\u00e3o deve ser feito de forma a embara\u00e7ar o progresso e o desenvolvimento entre os parceiros, permanecendo uns como fornecedores de produtos prim\u00e1rios que mant\u00eam sua popula\u00e7\u00e3o em prec\u00e1rias condi\u00e7\u00f5es pelo baixo n\u00edvel de renda e de educa\u00e7\u00e3o.<\/p>\n<p>O mercado e a boa educa\u00e7\u00e3o fazem parte de um conjunto indispens\u00e1vel a um sistema que possibilite a efetiva democratiza\u00e7\u00e3o. No entanto, estes t\u00eam sido empregados para atender a interesses particulares. O objetivo da popula\u00e7\u00e3o e dos l\u00edderes deveria ser o cont\u00ednuo aprimoramento pessoal e a eleva\u00e7\u00e3o das condi\u00e7\u00f5es de vida.  Todos dependemos dos recursos que o planeta oferece, mas a Terra n\u00e3o \u00e9 nossa propriedade; n\u00e3o pode continuar sendo sugada de forma irrespons\u00e1vel para o beneficio de poucos. <\/p>\n<p>As pessoas precisam ter confian\u00e7a no governo, nos bancos, nas empresas, nos sindicatos, mas sofrem continuadas decep\u00e7\u00f5es. Se o sistema permite vantagens e o enriquecimento atrav\u00e9s de manobras escusas, de  artif\u00edcios introduzidos no c\u00e2mbio das moedas, e da utiliza\u00e7\u00e3o de m\u00e3o de obra em prec\u00e1rias condi\u00e7\u00f5es, torna-se necess\u00e1ria uma regulamenta\u00e7\u00e3o justa, que seja respeitada por todos. Caso contr\u00e1rio, o equil\u00edbrio ser\u00e1 rompido, levando \u00e0 explos\u00e3o dos conflitos das multid\u00f5es influenciadas por milh\u00f5es de pensamentos negativos de \u00f3dio e destrui\u00e7\u00e3o, que nos far\u00e3o regredir \u00e0 nova barb\u00e1rie pela aus\u00eancia do reconhecimento do sentido da vida e da esperan\u00e7a de que o futuro possa melhorar.<\/p>\n<p>Fonte: Administradores<\/p>\n","protected":false},"excerpt":{"rendered":"<p>Ultimamente proliferam cursos de educa\u00e7\u00e3o financeira para ensinar as pessoas a disciplinar os gastos. Os gestores do dinheiro p\u00fablico n\u00e3o se preocupam com isso, gastando mal os impostos suados, pagos pela popula\u00e7\u00e3o, como se fossem os donos do pa\u00eds, havendo muitos desperd\u00edcios e desvios de verbas. Quem gasta mal deve ser responsabilizado. Quem administra mal &hellip; <\/p>\n<p class=\"link-more\"><a href=\"https:\/\/www.brindice.com.br\/blog\/a-economia-e-o-futuro\/\" class=\"more-link\">Continue lendo<span class=\"screen-reader-text\"> &#8220;A economia e o futuro&#8221;<\/span><\/a><\/p>\n","protected":false},"author":1,"featured_media":0,"comment_status":"open","ping_status":"open","sticky":false,"template":"","format":"standard","meta":{"footnotes":""},"categories":[2],"tags":[],"class_list":["post-5764","post","type-post","status-publish","format-standard","hentry","category-marketing-promocional"],"aioseo_notices":[],"_links":{"self":[{"href":"https:\/\/www.brindice.com.br\/blog\/wp-json\/wp\/v2\/posts\/5764","targetHints":{"allow":["GET"]}}],"collection":[{"href":"https:\/\/www.brindice.com.br\/blog\/wp-json\/wp\/v2\/posts"}],"about":[{"href":"https:\/\/www.brindice.com.br\/blog\/wp-json\/wp\/v2\/types\/post"}],"author":[{"embeddable":true,"href":"https:\/\/www.brindice.com.br\/blog\/wp-json\/wp\/v2\/users\/1"}],"replies":[{"embeddable":true,"href":"https:\/\/www.brindice.com.br\/blog\/wp-json\/wp\/v2\/comments?post=5764"}],"version-history":[{"count":0,"href":"https:\/\/www.brindice.com.br\/blog\/wp-json\/wp\/v2\/posts\/5764\/revisions"}],"wp:attachment":[{"href":"https:\/\/www.brindice.com.br\/blog\/wp-json\/wp\/v2\/media?parent=5764"}],"wp:term":[{"taxonomy":"category","embeddable":true,"href":"https:\/\/www.brindice.com.br\/blog\/wp-json\/wp\/v2\/categories?post=5764"},{"taxonomy":"post_tag","embeddable":true,"href":"https:\/\/www.brindice.com.br\/blog\/wp-json\/wp\/v2\/tags?post=5764"}],"curies":[{"name":"wp","href":"https:\/\/api.w.org\/{rel}","templated":true}]}}