{"id":5882,"date":"2020-11-10T11:20:45","date_gmt":"2020-11-10T11:20:45","guid":{"rendered":"https:\/\/www.brindice.com.br\/blog\/fan-page-da-electrolux-em-festa-no-mes-de-agosto\/"},"modified":"2020-11-10T11:20:45","modified_gmt":"2020-11-10T11:20:45","slug":"fan-page-da-electrolux-em-festa-no-mes-de-agosto","status":"publish","type":"post","link":"https:\/\/www.brindice.com.br\/blog\/fan-page-da-electrolux-em-festa-no-mes-de-agosto\/","title":{"rendered":"Fan page da Electrolux em festa no m\u00eas de agosto"},"content":{"rendered":"<p>A Electrolux comemora um ano de entrada nas redes sociais com uma s\u00e9rie de a\u00e7\u00f5es de marketing promocional para seus f\u00e3s durante o m\u00eas de agosto.<\/p>\n<p>Entre as a\u00e7\u00f5es criadas pela F\/Nazca Saatchi &#038; Saatchi, est\u00e1 \u201cPresente para voc\u00ea\u201d, que presentear\u00e1 31 f\u00e3s com produtos Electrolux durante o m\u00eas de agosto. Selecionados pela empresa por crit\u00e9rio de engajamento, os usu\u00e1rios ser\u00e3o revelados aos poucos na fan page por meio de posts di\u00e1rios.<br \/>\nJunto com os produtos, os consumidores selecionados receber\u00e3o tamb\u00e9m a publica\u00e7\u00e3o \u201c1 ano de fan page, 1 ano pensando em voc\u00ea\u201d, que compila cerca de 40 posts de sucesso da marca no formato de um livreto.<\/p>\n<p>E j\u00e1 que o m\u00eas \u00e9 de comemora\u00e7\u00f5es, claro que n\u00e3o poderia faltar o bolo. Por isso, a a\u00e7\u00e3o \u201cFica, vai ter bolo na fan page\u201d vai reservar parte do conte\u00fado da Electrolux exclusivamente para receitas de bolo.<br \/>\nCada dia da semana ter\u00e1 um tema especial de bolos. O calend\u00e1rio prev\u00ea sugest\u00f5es simples, que podem ser preparadas no liquidificador, at\u00e9 as mais elaboradas, assinadas por chefs patisseurs renomados do mundo todo.<\/p>\n<p>Segundo Eduardo Lima, diretor de cria\u00e7\u00e3o da F\/Nazca Saatchi &#038; Saatchi, \u201cA ideia \u00e9 que todos, ao seu jeito, gosto e forma possam comemorar o anivers\u00e1rio, mas sempre respeitando o que acreditamos ter transformado essa p\u00e1gina em uma fan page relevante: seu conte\u00fado\u201d.<\/p>\n<p>A atua\u00e7\u00e3o da Electrolux nas redes sociais faz parte da estrat\u00e9gia de constru\u00e7\u00e3o da marca, que tem conquistado um alto n\u00edvel de engajamento do consumidor. Os pilares que suportam essa estrat\u00e9gia s\u00e3o conte\u00fado diferenciado e relevante ao p\u00fablico de interesse da marca.<\/p>\n<p>Fonte: Promoview<\/p>\n","protected":false},"excerpt":{"rendered":"<p>A Electrolux comemora um ano de entrada nas redes sociais com uma s\u00e9rie de a\u00e7\u00f5es de marketing promocional para seus f\u00e3s durante o m\u00eas de agosto. Entre as a\u00e7\u00f5es criadas pela F\/Nazca Saatchi &#038; Saatchi, est\u00e1 \u201cPresente para voc\u00ea\u201d, que presentear\u00e1 31 f\u00e3s com produtos Electrolux durante o m\u00eas de agosto. Selecionados pela empresa por &hellip; <\/p>\n<p class=\"link-more\"><a href=\"https:\/\/www.brindice.com.br\/blog\/fan-page-da-electrolux-em-festa-no-mes-de-agosto\/\" class=\"more-link\">Continue lendo<span class=\"screen-reader-text\"> &#8220;Fan page da Electrolux em festa no m\u00eas de agosto&#8221;<\/span><\/a><\/p>\n","protected":false},"author":1,"featured_media":0,"comment_status":"open","ping_status":"open","sticky":false,"template":"","format":"standard","meta":{"footnotes":""},"categories":[2],"tags":[],"class_list":["post-5882","post","type-post","status-publish","format-standard","hentry","category-marketing-promocional"],"aioseo_notices":[],"_links":{"self":[{"href":"https:\/\/www.brindice.com.br\/blog\/wp-json\/wp\/v2\/posts\/5882","targetHints":{"allow":["GET"]}}],"collection":[{"href":"https:\/\/www.brindice.com.br\/blog\/wp-json\/wp\/v2\/posts"}],"about":[{"href":"https:\/\/www.brindice.com.br\/blog\/wp-json\/wp\/v2\/types\/post"}],"author":[{"embeddable":true,"href":"https:\/\/www.brindice.com.br\/blog\/wp-json\/wp\/v2\/users\/1"}],"replies":[{"embeddable":true,"href":"https:\/\/www.brindice.com.br\/blog\/wp-json\/wp\/v2\/comments?post=5882"}],"version-history":[{"count":0,"href":"https:\/\/www.brindice.com.br\/blog\/wp-json\/wp\/v2\/posts\/5882\/revisions"}],"wp:attachment":[{"href":"https:\/\/www.brindice.com.br\/blog\/wp-json\/wp\/v2\/media?parent=5882"}],"wp:term":[{"taxonomy":"category","embeddable":true,"href":"https:\/\/www.brindice.com.br\/blog\/wp-json\/wp\/v2\/categories?post=5882"},{"taxonomy":"post_tag","embeddable":true,"href":"https:\/\/www.brindice.com.br\/blog\/wp-json\/wp\/v2\/tags?post=5882"}],"curies":[{"name":"wp","href":"https:\/\/api.w.org\/{rel}","templated":true}]}}