{"id":5885,"date":"2020-11-10T11:20:45","date_gmt":"2020-11-10T11:20:45","guid":{"rendered":"https:\/\/www.brindice.com.br\/blog\/mix-eventos-ativa-extra-social-em-brasilia\/"},"modified":"2020-11-10T11:20:45","modified_gmt":"2020-11-10T11:20:45","slug":"mix-eventos-ativa-extra-social-em-brasilia","status":"publish","type":"post","link":"https:\/\/www.brindice.com.br\/blog\/mix-eventos-ativa-extra-social-em-brasilia\/","title":{"rendered":"Mix Eventos ativa Extra Social em Bras\u00edlia"},"content":{"rendered":"<p>A Mix Eventos, por acreditar e valorizar projetos sociais, ativou a parceria entre a Record e o Supermercado Extra, por interm\u00e9dio da \u201cA\u00e7\u00e3o Social Extra\u201d, no m\u00eas de julho, em Bras\u00edlia.<\/p>\n<p>O evento fez parte de um conjunto de atividades desenvolvidas para promover servi\u00e7os, lazer e conviv\u00eancia familiar e comunit\u00e1ria nos Supermercados Extra. Em todas as edi\u00e7\u00f5es,  a popula\u00e7\u00e3o teve, al\u00e9m do atendimento gratuito, divers\u00e3o garantida.<br \/>\nV\u00e1rias atividades distintas foram propostas no dia do evento. Com foco no lazer, foi preparada oficinas de circo, sucos saud\u00e1veis, garrafa pet e bijuterias. J\u00e1 para promover a preven\u00e7\u00e3o e a orienta\u00e7\u00e3o de sa\u00fade, a a\u00e7\u00e3o social preparou estandes que ofereciam aferi\u00e7\u00e3o da press\u00e3o arterial e de glicose, aplica\u00e7\u00e3o de fl\u00faor, massagem relaxante e preven\u00e7\u00e3o do glaucoma.<\/p>\n<p>Al\u00e9m de estandes de est\u00e9tica com maquiagem e sobrancelha, suplementos alimentares e  exposi\u00e7\u00e3o de fotos do cerrado, a crian\u00e7ada aproveitou a barraquinha de pipoca e se deliciou com a guloseima, al\u00e9m de se divertir na cama el\u00e1stica e com os contadores de hist\u00f3ria. A a\u00e7\u00e3o social foi um sucesso e contou com a participa\u00e7\u00e3o de mais de 650 pessoas.<\/p>\n<p>Fonte: Promoview<\/p>\n","protected":false},"excerpt":{"rendered":"<p>A Mix Eventos, por acreditar e valorizar projetos sociais, ativou a parceria entre a Record e o Supermercado Extra, por interm\u00e9dio da \u201cA\u00e7\u00e3o Social Extra\u201d, no m\u00eas de julho, em Bras\u00edlia. O evento fez parte de um conjunto de atividades desenvolvidas para promover servi\u00e7os, lazer e conviv\u00eancia familiar e comunit\u00e1ria nos Supermercados Extra. Em todas &hellip; <\/p>\n<p class=\"link-more\"><a href=\"https:\/\/www.brindice.com.br\/blog\/mix-eventos-ativa-extra-social-em-brasilia\/\" class=\"more-link\">Continue lendo<span class=\"screen-reader-text\"> &#8220;Mix Eventos ativa Extra Social em Bras\u00edlia&#8221;<\/span><\/a><\/p>\n","protected":false},"author":1,"featured_media":0,"comment_status":"open","ping_status":"open","sticky":false,"template":"","format":"standard","meta":{"footnotes":""},"categories":[2],"tags":[],"class_list":["post-5885","post","type-post","status-publish","format-standard","hentry","category-marketing-promocional"],"aioseo_notices":[],"_links":{"self":[{"href":"https:\/\/www.brindice.com.br\/blog\/wp-json\/wp\/v2\/posts\/5885","targetHints":{"allow":["GET"]}}],"collection":[{"href":"https:\/\/www.brindice.com.br\/blog\/wp-json\/wp\/v2\/posts"}],"about":[{"href":"https:\/\/www.brindice.com.br\/blog\/wp-json\/wp\/v2\/types\/post"}],"author":[{"embeddable":true,"href":"https:\/\/www.brindice.com.br\/blog\/wp-json\/wp\/v2\/users\/1"}],"replies":[{"embeddable":true,"href":"https:\/\/www.brindice.com.br\/blog\/wp-json\/wp\/v2\/comments?post=5885"}],"version-history":[{"count":0,"href":"https:\/\/www.brindice.com.br\/blog\/wp-json\/wp\/v2\/posts\/5885\/revisions"}],"wp:attachment":[{"href":"https:\/\/www.brindice.com.br\/blog\/wp-json\/wp\/v2\/media?parent=5885"}],"wp:term":[{"taxonomy":"category","embeddable":true,"href":"https:\/\/www.brindice.com.br\/blog\/wp-json\/wp\/v2\/categories?post=5885"},{"taxonomy":"post_tag","embeddable":true,"href":"https:\/\/www.brindice.com.br\/blog\/wp-json\/wp\/v2\/tags?post=5885"}],"curies":[{"name":"wp","href":"https:\/\/api.w.org\/{rel}","templated":true}]}}