{"id":5895,"date":"2020-11-10T11:20:45","date_gmt":"2020-11-10T11:20:45","guid":{"rendered":"https:\/\/www.brindice.com.br\/blog\/ser-pessimista-da-muito-trabalho\/"},"modified":"2020-11-10T11:20:45","modified_gmt":"2020-11-10T11:20:45","slug":"ser-pessimista-da-muito-trabalho","status":"publish","type":"post","link":"https:\/\/www.brindice.com.br\/blog\/ser-pessimista-da-muito-trabalho\/","title":{"rendered":"Ser pessimista d\u00e1 muito trabalho"},"content":{"rendered":"<p>Constantemente, converso com pessoas que est\u00e3o infelizes em algum aspecto de suas vidas. Seja no relacionamento familiar\/amoroso, no trabalho, com a profiss\u00e3o que escolheu, com o pa\u00eds onde vive&#8230;Enfim, os motivos s\u00e3o os mais diversos. O fato \u00e9 que existe algo incomoda, que tira a paz e muitas vezes, ofusca a nossa miss\u00e3o: viver a partir de nossas pr\u00f3prias escolhas. At\u00e9 mesmo os acomodados, eles escolheram n\u00e3o fazer nada! Simples assim.<\/p>\n<p> Viver \u00e9 escolher! O tempo inteiro, consciente ou inconscientemente, estamos fazendo escolhas. Vamos fazer um teste? Voc\u00ea programa o despertador para tocar \u00e0s 06:00 da manh\u00e3, pois \u00e0s 08:00 voc\u00ea tem que estar na empresa onde trabalha, quando ele toca, subjetivamente, ele est\u00e1 dizendo: hora de levantar, o trabalho te chama. Logo, voc\u00ea decide sair da cama ou continuar nela. Seja qual for \u00e0 raz\u00e3o que leve voc\u00ea a trabalhar, naquele momento, a a\u00e7\u00e3o a ser realizada \u00e9 fruto da sua decis\u00e3o, portanto, processo de escolha em xeque.<\/p>\n<p>Infelizmente, a maioria das pessoas tem o h\u00e1bito de culpar algu\u00e9m por algo que n\u00e3o est\u00e1 bem. Exemplos? <\/p>\n<p>1-  A pol\u00edtica no Brasil \u00e9 uma vergonha! Os pol\u00edticos n\u00e3o defendem os direitos do povo! (Concordo) Mas quem elegeu os pol\u00edticos? A maioria dos eleitores brasileiros.  <\/p>\n<p>2-  A empresa que eu trabalho n\u00e3o me valoriza! S\u00e9rio? E por que voc\u00ea mesmo n\u00e3o faz isso? S\u00f3 existe uma empresa para se trabalhar? Ser\u00e1 que n\u00e3o passou da hora de voc\u00ea fazer novas escolhas? Enxergar novas possibilidades?<\/p>\n<p>3-   Meus professores n\u00e3o ensinam nada! E por que voc\u00ea n\u00e3o busca o conhecimento de outras formas?<\/p>\n<p>Caros leitores, o que quero mostrar com esses exemplos \u00e9 que em tudo na vida existem v\u00e1rias e in\u00fameras possibilidades, e escolher \u00e9 indispens\u00e1vel.<\/p>\n<p>Entretanto, muitos resistem a assumir a fun\u00e7\u00e3o \u201ceu sou o \u00fanico respons\u00e1vel pelas minhas escolhas\u201d e inconscientemente, optam em viver reclamando, pois \u00e9 mais f\u00e1cil e confort\u00e1vel para o ego, colocar a culpa em algo ou algu\u00e9m pelas coisas n\u00e3o estarem muito bem. Mas isso n\u00e3o \u00e9 tudo. Depois do status \u201c mais uma v\u00edtima do sistema\u201d, ainda tem a cultura pessimista (nada para mim d\u00e1 certo, isso nunca vai mudar, a pol\u00edtica no Brasil nunca ser\u00e1 democr\u00e1tica de verdade, meu marido nunca ir\u00e1 mudar, minha vida n\u00e3o tem jeito&#8230;). Triste not\u00edcia: tudo isso \u00e9 verdade! Sabe porqu\u00ea? Porque voc\u00ea j\u00e1 desacreditou do poder de fazer escolhas, em sair da zona de conforto, de recome\u00e7ar, de se reinventar, quebrar paradigmas! Tudo come\u00e7a a partir do pensamento. Quer ver?  Experimente tomar uma decis\u00e3o no calor da emo\u00e7\u00e3o (se imagine com muita raiva ou decepcionado com algo ou algu\u00e9m).<\/p>\n<p>Pensamento negativo \u00e0 Sentimento negativo \u00e0 A\u00e7\u00e3o negativa<\/p>\n<p>A\u00ed voc\u00ea respira, o humor se acalma, repensa e possivelmente, consegue perceber outra possibilidade de escolha, que com certeza ser\u00e1 mais assertiva. Faz sentido para voc\u00ea?<\/p>\n<p>Aonde eu quero chegar? Quero te dizer que: ser pessimista d\u00e1 muito trabalho e nos priva de vivermos em paz consigo e com os outros, al\u00e9m de propiciar uma perca incr\u00edvel de tempo para buscar novas solu\u00e7\u00f5es. Pessoas pessimistas geralmente, s\u00e3o: &quot;reclamonas&quot;, desagrad\u00e1veis, baixo astral e por que n\u00e3o dizer insuport\u00e1veis. Que o mundo n\u00e3o \u00e9 perfeito, todo mundo sabe, mas nem por isso n\u00f3s devemos deixar de enxergar o lado bom dos acontecimentos, pois tudo na vida \u00e9 aprendizado e \u00e9 necess\u00e1rio inclusive, aprender com as escolhas erradas que fizemos.Tudo isso faz parte! <\/p>\n<p>\u201cA vida \u00e9 a soma das suas escolhas.\u201d (Albert Camus)<\/p>\n<p>Talvez voc\u00ea ainda n\u00e3o tenha  tomado essa consci\u00eancia, mas  somos autores e protagonistas de nossas hist\u00f3rias. Nunca se esque\u00e7a disso! <\/p>\n<p>Fonte: Administradores<\/p>\n","protected":false},"excerpt":{"rendered":"<p>Constantemente, converso com pessoas que est\u00e3o infelizes em algum aspecto de suas vidas. Seja no relacionamento familiar\/amoroso, no trabalho, com a profiss\u00e3o que escolheu, com o pa\u00eds onde vive&#8230;Enfim, os motivos s\u00e3o os mais diversos. O fato \u00e9 que existe algo incomoda, que tira a paz e muitas vezes, ofusca a nossa miss\u00e3o: viver a &hellip; <\/p>\n<p class=\"link-more\"><a href=\"https:\/\/www.brindice.com.br\/blog\/ser-pessimista-da-muito-trabalho\/\" class=\"more-link\">Continue lendo<span class=\"screen-reader-text\"> &#8220;Ser pessimista d\u00e1 muito trabalho&#8221;<\/span><\/a><\/p>\n","protected":false},"author":1,"featured_media":0,"comment_status":"open","ping_status":"open","sticky":false,"template":"","format":"standard","meta":{"footnotes":""},"categories":[2],"tags":[],"class_list":["post-5895","post","type-post","status-publish","format-standard","hentry","category-marketing-promocional"],"aioseo_notices":[],"_links":{"self":[{"href":"https:\/\/www.brindice.com.br\/blog\/wp-json\/wp\/v2\/posts\/5895","targetHints":{"allow":["GET"]}}],"collection":[{"href":"https:\/\/www.brindice.com.br\/blog\/wp-json\/wp\/v2\/posts"}],"about":[{"href":"https:\/\/www.brindice.com.br\/blog\/wp-json\/wp\/v2\/types\/post"}],"author":[{"embeddable":true,"href":"https:\/\/www.brindice.com.br\/blog\/wp-json\/wp\/v2\/users\/1"}],"replies":[{"embeddable":true,"href":"https:\/\/www.brindice.com.br\/blog\/wp-json\/wp\/v2\/comments?post=5895"}],"version-history":[{"count":0,"href":"https:\/\/www.brindice.com.br\/blog\/wp-json\/wp\/v2\/posts\/5895\/revisions"}],"wp:attachment":[{"href":"https:\/\/www.brindice.com.br\/blog\/wp-json\/wp\/v2\/media?parent=5895"}],"wp:term":[{"taxonomy":"category","embeddable":true,"href":"https:\/\/www.brindice.com.br\/blog\/wp-json\/wp\/v2\/categories?post=5895"},{"taxonomy":"post_tag","embeddable":true,"href":"https:\/\/www.brindice.com.br\/blog\/wp-json\/wp\/v2\/tags?post=5895"}],"curies":[{"name":"wp","href":"https:\/\/api.w.org\/{rel}","templated":true}]}}