{"id":6226,"date":"2020-11-10T11:20:45","date_gmt":"2020-11-10T11:20:45","guid":{"rendered":"https:\/\/www.brindice.com.br\/blog\/mercado-de-uniformes-profissionais-ditando-moda\/"},"modified":"2020-11-10T11:20:45","modified_gmt":"2020-11-10T11:20:45","slug":"mercado-de-uniformes-profissionais-ditando-moda","status":"publish","type":"post","link":"https:\/\/www.brindice.com.br\/blog\/mercado-de-uniformes-profissionais-ditando-moda\/","title":{"rendered":"Mercado de uniformes profissionais ditando moda"},"content":{"rendered":"<p>Uniformes inspirados nas tend\u00eancias da moda ou moda inspirada nos uniformes?<\/p>\n<p>Tecidos diferenciados, padr\u00f5es de cores renovados, cortes impec\u00e1veis. Cada vez mais os uniformes profissionais s\u00e3o inspirados nas tend\u00eancias da moda. Ou s\u00e3o os uniformes fontes de inspira\u00e7\u00e3o para os profissionais da moda? De um jeito ou de outro, eles vestem profissionais em diversas ocasi\u00f5es e circunst\u00e2ncias. Durante os eventos, s\u00e3o gar\u00e7ons, gar\u00e7onetes, recepcionistas e seguran\u00e7as que vestem uniformes; nos supermercados, s\u00e3o  demonstradores de produtos (geralmente envolvidos em campanhas de degusta\u00e7\u00e3o); nos shows, s\u00e3o recepcionistas, hostess, barmen e em casas noturnas s\u00e3o promotores que fazem as famosas blitz. Estes profissionais est\u00e3o em todos os lugares e geralmente est\u00e3o uniformizados. Em pesquisa, o Guia Br\u00edndice percebeu que o mercado da moda e o mercado dos uniformes profissionais se confundem. <\/p>\n<p>No universo dos uniformes profissionais tamb\u00e9m encontramos os esportivos, ocupando uma parcela significativa desse mercado, produzidos por grifes da moda. Para dar um s\u00f3 exemplo, uma not\u00edcia publicada no UOL Mulher &#8211; Moda se refere \u00e0 Federa\u00e7\u00e3o Italiana de Vela que anunciou no dia 3 de abril que a grife Prada (tamb\u00e9m italiana) \u00e9 a patrocinadora do time de iatismo e vela do pa\u00eds. Os uniformes dos atletas mar\u00edtimos que competir\u00e3o nas Olimp\u00edadas e Paraolimp\u00edadas deste ano ser\u00e3o criados pela marca. <\/p>\n<p>Para confirmar a percep\u00e7\u00e3o de que os mercados de moda e de uniformes se confundem, a dupla Viktor &#038; Rolf apresentou no dia 12 de abril, em Paris, sua cole\u00e7\u00e3o para o inverno. Parcas, casacos, cal\u00e7as em couro e palet\u00f3s s\u00e3o inspirados nos uniformes militares russos. No Brasil, o estilista Andr\u00e9 Phergom, revelado na Casa de Criadores, chega \u00e0 Bras\u00edlia com sua cole\u00e7\u00e3o de outono\/inverno 2012 inspirada em uniformes militares espanh\u00f3is. O americano Tommy Hilfiger apresentou a cole\u00e7\u00e3o Cadet Academy, durante a New York Fashion Week, inspirada no lifestyle de um jovem cadete e seus uniformes, que variam do estilo militar ao esportivo, com influ\u00eancias do rock.<\/p>\n<p>Do ponto de vista mercadol\u00f3gico, o mercado comprador de uniformes profissionais ou encomendados especialmente para campanhas de degusta\u00e7\u00e3o, blitz e outras a\u00e7\u00f5es promocionais espera que esses produtos sejam concebidos para atender performances espec\u00edficas, que v\u00e3o desde o processo de sele\u00e7\u00e3o do tecido, interpreta\u00e7\u00e3o da modelagem mais adequada para a fun\u00e7\u00e3o a que se destina at\u00e9 a integra\u00e7\u00e3o da imagem corporativa da empresa promotora do evento ou da campanha promocional. A utiliza\u00e7\u00e3o de tecnologias de ponta associada \u00e0 pesquisa faz dos uniformes profissionais produtos de alto desempenho e efici\u00eancia. O resultado \u00e9 a satisfa\u00e7\u00e3o do usu\u00e1rio final, em rela\u00e7\u00e3o a conforto, seguran\u00e7a e durabilidade. Desta forma, as empresas fornecedoras de uniformes profissionais garantem a imagem de marca de seus clientes e ditam moda no que diz respeito ao profissionalismo, atendimento, qualidade e cumprimento de prazos.<\/p>\n<p>Por Elisabeth Guimar\u00e3es \u2013 Grupo Br\u00edndice<\/p>\n<p>Fontes:<br \/>\nUOL Mulher &#8211; Moda<br \/>\nGlobo.com<\/p>\n","protected":false},"excerpt":{"rendered":"<p>Uniformes inspirados nas tend\u00eancias da moda ou moda inspirada nos uniformes? Tecidos diferenciados, padr\u00f5es de cores renovados, cortes impec\u00e1veis. Cada vez mais os uniformes profissionais s\u00e3o inspirados nas tend\u00eancias da moda. Ou s\u00e3o os uniformes fontes de inspira\u00e7\u00e3o para os profissionais da moda? De um jeito ou de outro, eles vestem profissionais em diversas ocasi\u00f5es &hellip; <\/p>\n<p class=\"link-more\"><a href=\"https:\/\/www.brindice.com.br\/blog\/mercado-de-uniformes-profissionais-ditando-moda\/\" class=\"more-link\">Continue lendo<span class=\"screen-reader-text\"> &#8220;Mercado de uniformes profissionais ditando moda&#8221;<\/span><\/a><\/p>\n","protected":false},"author":1,"featured_media":0,"comment_status":"open","ping_status":"open","sticky":false,"template":"","format":"standard","meta":{"footnotes":""},"categories":[2],"tags":[],"class_list":["post-6226","post","type-post","status-publish","format-standard","hentry","category-marketing-promocional"],"aioseo_notices":[],"_links":{"self":[{"href":"https:\/\/www.brindice.com.br\/blog\/wp-json\/wp\/v2\/posts\/6226","targetHints":{"allow":["GET"]}}],"collection":[{"href":"https:\/\/www.brindice.com.br\/blog\/wp-json\/wp\/v2\/posts"}],"about":[{"href":"https:\/\/www.brindice.com.br\/blog\/wp-json\/wp\/v2\/types\/post"}],"author":[{"embeddable":true,"href":"https:\/\/www.brindice.com.br\/blog\/wp-json\/wp\/v2\/users\/1"}],"replies":[{"embeddable":true,"href":"https:\/\/www.brindice.com.br\/blog\/wp-json\/wp\/v2\/comments?post=6226"}],"version-history":[{"count":0,"href":"https:\/\/www.brindice.com.br\/blog\/wp-json\/wp\/v2\/posts\/6226\/revisions"}],"wp:attachment":[{"href":"https:\/\/www.brindice.com.br\/blog\/wp-json\/wp\/v2\/media?parent=6226"}],"wp:term":[{"taxonomy":"category","embeddable":true,"href":"https:\/\/www.brindice.com.br\/blog\/wp-json\/wp\/v2\/categories?post=6226"},{"taxonomy":"post_tag","embeddable":true,"href":"https:\/\/www.brindice.com.br\/blog\/wp-json\/wp\/v2\/tags?post=6226"}],"curies":[{"name":"wp","href":"https:\/\/api.w.org\/{rel}","templated":true}]}}