{"id":6508,"date":"2024-03-15T19:52:40","date_gmt":"2024-03-15T22:52:40","guid":{"rendered":"https:\/\/www.brindice.com.br\/blog\/?p=6508"},"modified":"2024-03-15T19:53:15","modified_gmt":"2024-03-15T22:53:15","slug":"brindes-para-o-dia-mundial-da-saude-promovendo-bem-estar-e-conscientizacao","status":"publish","type":"post","link":"https:\/\/www.brindice.com.br\/blog\/brindes-para-o-dia-mundial-da-saude-promovendo-bem-estar-e-conscientizacao\/","title":{"rendered":"Brindes para o Dia Mundial da Sa\u00fade: Promovendo Bem-Estar e Conscientiza\u00e7\u00e3o"},"content":{"rendered":"\n<p>No Dia Mundial da Sa\u00fade, celebrado em 7 de abril, a import\u00e2ncia de promover o bem-estar e conscientizar sobre quest\u00f5es de sa\u00fade \u00e9 fundamental. Nesse contexto, os brindes personalizados desempenham um papel significativo, oferecendo uma oportunidade \u00fanica de transmitir mensagens de sa\u00fade e cuidado aos clientes.<\/p>\n\n\n\n<p><strong>1. Sensibiliza\u00e7\u00e3o e Educa\u00e7\u00e3o<\/strong><\/p>\n\n\n\n<p>Brindes para o Dia Mundial da Sa\u00fade podem incluir itens como kits de primeiros socorros, garrafas de \u00e1gua reutiliz\u00e1veis, m\u00e1scaras faciais personalizadas e kits de higiene pessoal. Esses brindes n\u00e3o apenas incentivam a pr\u00e1tica de h\u00e1bitos saud\u00e1veis, mas tamb\u00e9m educam sobre a import\u00e2ncia da preven\u00e7\u00e3o e cuidado com a sa\u00fade.<\/p>\n\n\n\n<p><strong>2. Promo\u00e7\u00e3o de Estilos de Vida Saud\u00e1veis<\/strong><\/p>\n\n\n\n<p>Ao oferecer brindes relacionados \u00e0 sa\u00fade, as empresas est\u00e3o contribuindo para a promo\u00e7\u00e3o de estilos de vida saud\u00e1veis entre seus clientes. Itens como squeeze para \u00e1gua, bolsas t\u00e9rmicas para alimentos saud\u00e1veis ou ped\u00f4metros incentivam a hidrata\u00e7\u00e3o adequada e a pr\u00e1tica de atividades f\u00edsicas, promovendo uma vida mais equilibrada.<\/p>\n\n\n\n<p><strong>3. Fortalecimento do V\u00ednculo com a Marca<\/strong><\/p>\n\n\n\n<p>Al\u00e9m de transmitir uma mensagem positiva sobre sa\u00fade, os brindes para o Dia Mundial da Sa\u00fade tamb\u00e9m fortalecem o v\u00ednculo emocional com a marca. Os clientes associam a empresa n\u00e3o apenas \u00e0 qualidade dos produtos ou servi\u00e7os, mas tamb\u00e9m ao seu compromisso com o bem-estar da comunidade.<\/p>\n\n\n\n<p><strong>4. Reconhecimento da Responsabilidade Social Corporativa<\/strong><\/p>\n\n\n\n<p>Ao participar das comemora\u00e7\u00f5es do Dia Mundial da Sa\u00fade por meio de brindes e a\u00e7\u00f5es de conscientiza\u00e7\u00e3o, as empresas demonstram seu compromisso com a responsabilidade social corporativa. Isso contribui para uma imagem positiva da marca perante seus clientes e a sociedade como um todo.<\/p>\n\n\n\n<p><strong>5. Impacto Duradouro<\/strong><\/p>\n\n\n\n<p>Os brindes para o Dia Mundial da Sa\u00fade t\u00eam um impacto duradouro, j\u00e1 que os clientes podem continuar utilizando esses itens muito ap\u00f3s a data comemorativa. Isso significa que a mensagem de sa\u00fade e bem-estar continua sendo difundida ao longo do tempo.<\/p>\n\n\n\n<p><strong>Conclus\u00e3o<\/strong><\/p>\n\n\n\n<p>Os brindes para o Dia Mundial da Sa\u00fade representam uma oportunidade valiosa para as empresas promoverem valores de sa\u00fade e bem-estar, ao mesmo tempo em que fortalecem sua rela\u00e7\u00e3o com os clientes. Ao escolher brindes que incentivam h\u00e1bitos saud\u00e1veis e transmitem mensagens de conscientiza\u00e7\u00e3o, as empresas n\u00e3o apenas presenteiam, mas tamb\u00e9m contribuem para a constru\u00e7\u00e3o de uma comunidade mais saud\u00e1vel e engajada. Portanto, ao planejar iniciativas para o Dia Mundial da Sa\u00fade, considerar a import\u00e2ncia dos brindes personalizados \u00e9 essencial para alcan\u00e7ar um impacto positivo e significativo.<\/p>\n\n\n\n<figure class=\"wp-block-gallery has-nested-images columns-default is-cropped wp-block-gallery-1 is-layout-flex wp-block-gallery-is-layout-flex\">\n<figure class=\"wp-block-image size-large\"><img loading=\"lazy\" decoding=\"async\" width=\"640\" height=\"350\" data-id=\"6509\" src=\"https:\/\/www.brindice.com.br\/blog\/wp-content\/uploads\/2024\/03\/Brindes-para-o-Dia-Mundial-da-Saude.jpg\" alt=\"\" class=\"wp-image-6509\" srcset=\"https:\/\/www.brindice.com.br\/blog\/wp-content\/uploads\/2024\/03\/Brindes-para-o-Dia-Mundial-da-Saude.jpg 640w, https:\/\/www.brindice.com.br\/blog\/wp-content\/uploads\/2024\/03\/Brindes-para-o-Dia-Mundial-da-Saude-300x164.jpg 300w\" sizes=\"auto, (max-width: 640px) 100vw, 640px\" \/><\/figure>\n<\/figure>\n","protected":false},"excerpt":{"rendered":"<p>Brindes para o Dia Mundial da Sa\u00fade: Promovendo Bem-Estar e Conscientiza\u00e7\u00e3o<\/p>\n","protected":false},"author":2,"featured_media":0,"comment_status":"closed","ping_status":"open","sticky":false,"template":"","format":"standard","meta":{"footnotes":""},"categories":[2],"tags":[13,12,14],"class_list":["post-6508","post","type-post","status-publish","format-standard","hentry","category-marketing-promocional","tag-brindes-para-o-dia-da-saude","tag-brindes-para-o-dia-mundial-da-saude","tag-brindes-saude"],"aioseo_notices":[],"_links":{"self":[{"href":"https:\/\/www.brindice.com.br\/blog\/wp-json\/wp\/v2\/posts\/6508","targetHints":{"allow":["GET"]}}],"collection":[{"href":"https:\/\/www.brindice.com.br\/blog\/wp-json\/wp\/v2\/posts"}],"about":[{"href":"https:\/\/www.brindice.com.br\/blog\/wp-json\/wp\/v2\/types\/post"}],"author":[{"embeddable":true,"href":"https:\/\/www.brindice.com.br\/blog\/wp-json\/wp\/v2\/users\/2"}],"replies":[{"embeddable":true,"href":"https:\/\/www.brindice.com.br\/blog\/wp-json\/wp\/v2\/comments?post=6508"}],"version-history":[{"count":1,"href":"https:\/\/www.brindice.com.br\/blog\/wp-json\/wp\/v2\/posts\/6508\/revisions"}],"predecessor-version":[{"id":6510,"href":"https:\/\/www.brindice.com.br\/blog\/wp-json\/wp\/v2\/posts\/6508\/revisions\/6510"}],"wp:attachment":[{"href":"https:\/\/www.brindice.com.br\/blog\/wp-json\/wp\/v2\/media?parent=6508"}],"wp:term":[{"taxonomy":"category","embeddable":true,"href":"https:\/\/www.brindice.com.br\/blog\/wp-json\/wp\/v2\/categories?post=6508"},{"taxonomy":"post_tag","embeddable":true,"href":"https:\/\/www.brindice.com.br\/blog\/wp-json\/wp\/v2\/tags?post=6508"}],"curies":[{"name":"wp","href":"https:\/\/api.w.org\/{rel}","templated":true}]}}